{"id":10167,"date":"2016-11-14T18:29:39","date_gmt":"2016-11-14T21:29:39","guid":{"rendered":"https:\/\/eldiariodesanpedro.com.ar\/sitio\/?p=10167"},"modified":"2016-11-14T18:29:39","modified_gmt":"2016-11-14T21:29:39","slug":"acuerdo-entre-la-anses-y-el-ministerio-publico-de-la-defensa-para-patrocinio-a-jubilados","status":"publish","type":"post","link":"https:\/\/eldiariodesanpedro.com.ar\/sitio\/acuerdo-entre-la-anses-y-el-ministerio-publico-de-la-defensa-para-patrocinio-a-jubilados\/","title":{"rendered":"Acuerdo entre la ANSES y el Ministerio P\u00fablico de la Defensa para patrocinio a jubilados"},"content":{"rendered":"<p><!-- VideographyWP Plugin Message: Automatic video embedding prevented by plugin options. --><br \/>\nLa ANSES y el Ministerio P\u00fablico de la Defensa firmaron un convenio que permitir\u00e1 a defensores p\u00fablicos oficiales o coadyuvantes nacionales patrocinar en forma gratuita a jubilados y pensionados que les corresponda el reajuste de haberes por la Reparaci\u00f3n Hist\u00f3rica. Son aquellos que no iniciaron juicio previsional y no poseen sentencia firme. <\/p>\n<p>El acuerdo tambi\u00e9n estipula que el organismo previsional se har\u00e1 cargo de los honorarios y abonar\u00e1 al Ministerio P\u00fablico de la Defensa un monto fijo de $1141 por cada letrado interviniente. Asimismo, la lista de los defensores ser\u00e1 remitida pr\u00f3ximamente a la ANSES y estar\u00e1 disponible para ser consultada por jubilados y pensionados de todo el pa\u00eds. <\/p>\n<p>En <a href=\"http:\/\/www.anses.gob.ar\" target=\"_blank\">www.anses.gob.ar<\/a>\/reparacionhistorica se pueden consultar las direcciones de los Colegios de Abogados que tienen convenio vigente con la ANSES, para que los jubilados puedan acercarse a consultar el listado de letrados disponibles.  <\/p>\n<p>Asimismo, la ANSES recuerda que hoy, 15 de noviembre, cobran los jubilados y pensionados cuyos haberes no superan la suma de $6432 y sus documentos finalizan en 5 y titulares de la Asignaci\u00f3n Universal por Hijo, por Embarazo y PROGRESAR cuyos documentos terminan en 7. Los calendarios de pagos de todas las prestaciones pueden consultarse en <a href=\"http:\/\/www.anses.gob.ar\" target=\"_blank\">www.anses.gob.ar<\/a>.<\/p>\n","protected":false},"excerpt":{"rendered":"<p>La ANSES y el Ministerio P\u00fablico de la Defensa firmaron un convenio que permitir\u00e1 a defensores p\u00fablicos oficiales o coadyuvantes nacionales patrocinar en forma gratuita a jubilados y pensionados que les corresponda el reajuste de haberes por la Reparaci\u00f3n Hist\u00f3rica. Son aquellos que no iniciaron juicio previsional y no poseen sentencia firme. El acuerdo tambi\u00e9n [&hellip;]<\/p>\n","protected":false},"author":4,"featured_media":3452,"comment_status":"open","ping_status":"closed","sticky":false,"template":"","format":"standard","meta":{"om_disable_all_campaigns":false,"_jetpack_memberships_contains_paid_content":false,"footnotes":""},"categories":[101,2],"tags":[],"class_list":["post-10167","post","type-post","status-publish","format-standard","has-post-thumbnail","hentry","category-interes-general-locales","category-locales"],"aioseo_notices":[],"gutentor_comment":0,"jetpack_featured_media_url":"https:\/\/eldiariodesanpedro.com.ar\/sitio\/wp-content\/uploads\/2016\/04\/23185_anses.jpg","jetpack_shortlink":"https:\/\/wp.me\/p6RhLt-2DZ","jetpack_sharing_enabled":true,"_links":{"self":[{"href":"https:\/\/eldiariodesanpedro.com.ar\/sitio\/wp-json\/wp\/v2\/posts\/10167","targetHints":{"allow":["GET"]}}],"collection":[{"href":"https:\/\/eldiariodesanpedro.com.ar\/sitio\/wp-json\/wp\/v2\/posts"}],"about":[{"href":"https:\/\/eldiariodesanpedro.com.ar\/sitio\/wp-json\/wp\/v2\/types\/post"}],"author":[{"embeddable":true,"href":"https:\/\/eldiariodesanpedro.com.ar\/sitio\/wp-json\/wp\/v2\/users\/4"}],"replies":[{"embeddable":true,"href":"https:\/\/eldiariodesanpedro.com.ar\/sitio\/wp-json\/wp\/v2\/comments?post=10167"}],"version-history":[{"count":1,"href":"https:\/\/eldiariodesanpedro.com.ar\/sitio\/wp-json\/wp\/v2\/posts\/10167\/revisions"}],"predecessor-version":[{"id":10168,"href":"https:\/\/eldiariodesanpedro.com.ar\/sitio\/wp-json\/wp\/v2\/posts\/10167\/revisions\/10168"}],"wp:featuredmedia":[{"embeddable":true,"href":"https:\/\/eldiariodesanpedro.com.ar\/sitio\/wp-json\/wp\/v2\/media\/3452"}],"wp:attachment":[{"href":"https:\/\/eldiariodesanpedro.com.ar\/sitio\/wp-json\/wp\/v2\/media?parent=10167"}],"wp:term":[{"taxonomy":"category","embeddable":true,"href":"https:\/\/eldiariodesanpedro.com.ar\/sitio\/wp-json\/wp\/v2\/categories?post=10167"},{"taxonomy":"post_tag","embeddable":true,"href":"https:\/\/eldiariodesanpedro.com.ar\/sitio\/wp-json\/wp\/v2\/tags?post=10167"}],"curies":[{"name":"wp","href":"https:\/\/api.w.org\/{rel}","templated":true}]}}