{"id":101653,"date":"2021-11-24T16:44:49","date_gmt":"2021-11-24T19:44:49","guid":{"rendered":"https:\/\/eldiariodesanpedro.com.ar\/sitio\/?p=101653"},"modified":"2021-12-14T08:59:47","modified_gmt":"2021-12-14T11:59:47","slug":"asamblea-anual-ordinaria-de-la-asocacion-circulo-medico","status":"publish","type":"post","link":"https:\/\/eldiariodesanpedro.com.ar\/sitio\/asamblea-anual-ordinaria-de-la-asocacion-circulo-medico\/","title":{"rendered":"Asamblea Anual Ordinaria de la Asocaci\u00f3n Circulo Medico"},"content":{"rendered":"<!-- VideographyWP Plugin Message: Automatic video embedding prevented by plugin options. -->\n\n<p>LA ASOCIACI\u00d3N CIRCULO MEDICO DE SAN PEDRO tiene el agrado de invitar a sus asociados a la ASAMBLEA ANUAL ORDINARIA \u00a0que se llevar\u00e1 a cabo en el local de la Entidad calle G\u00fcemes 48, el d\u00eda mi\u00e9rcoles 15 de diciembre de 2021, a las 20.30 en primera citaci\u00f3n y 21.00 hs. en segunda con el siguiente:<br>\u00a0<br>O R D E N DEL D \u00cd A<br>1 &#8211; Designaci\u00f3n de dos Asamble\u00edstas para firmar el acta conjuntamente con el Sr. Presidente.<br>2 &#8211; Lectura y consideraci\u00f3n de la Memoria y aprobaci\u00f3n del Balance del ejercicio comprendido entre el \u00a01 de junio de 2020 al 31 de mayo de 2021.<br>3 &#8211; Renovaci\u00f3n de Autoridades y elecci\u00f3n de los \u00a0siguientes cargos:<br>Presidente por dos a\u00f1os en reemplazo de la Dra. Dold\u00e1n Liliana por la terminaci\u00f3n de su mandato.<br>Prosecretario por dos a\u00f1os en reemplazo del Dr. Crucianelli Gast\u00f3n por terminaci\u00f3n \u00a0de su mandato.<br>Tesorero por dos a\u00f1os en reemplazo del Dr. Ureta Daniel \u00a0por terminaci\u00f3n su mandato.<br>Vocal segundo por dos a\u00f1os en reemplazo de la \u00a0Dra. Perroud Carolina por la terminaci\u00f3n de su mandato.<br>Revisores de cuentas en reemplazo de los Dres. Gerini Daniel y Taurizano Ana.<br>4 &#8211; Aprobaci\u00f3n de la gesti\u00f3n de la Comisi\u00f3n Directiva.<br>\u00a0<br>Se informa con relaci\u00f3n al punto 3 que la presentaci\u00f3n de listas se recibir\u00e1 hasta 5 d\u00edas antes de la fecha fijada para la Asamblea seg\u00fan \u00a0Estatuto.<br>\u00a0<br>Para la primera convocatoria, \u00a0es necesario un qu\u00f3rum de m\u00e1s de la mitad de los asociados con derecho a voto y en segunda convocatoria la asamblea se realiza con cualquier n\u00famero de socios presentes \u00a0siempre que \u00a0sea mayor que el de los miembros de la Comisi\u00f3n Directiva.<br>\u00a0<br>Dr. Carzino Carlos &#8211; Secretario \u00a0 \u00a0 \u00a0 \u00a0 \u00a0 \u00a0 \u00a0 \u00a0 \u00a0 \u00a0 \u00a0 \u00a0 \u00a0 \u00a0<br>Dra. Dold\u00e1n Liliana &#8211; Presidente<\/p>\n","protected":false},"excerpt":{"rendered":"<p>LA ASOCIACI\u00d3N CIRCULO MEDICO DE SAN PEDRO tiene el agrado de invitar a sus asociados a la ASAMBLEA ANUAL ORDINARIA \u00a0que se llevar\u00e1 a cabo en el local de la Entidad calle G\u00fcemes 48, el d\u00eda mi\u00e9rcoles 15 de diciembre de 2021, a las 20.30 en primera citaci\u00f3n y 21.00 hs. en segunda con el [&hellip;]<\/p>\n","protected":false},"author":4,"featured_media":101655,"comment_status":"closed","ping_status":"closed","sticky":false,"template":"","format":"standard","meta":{"om_disable_all_campaigns":false,"_jetpack_memberships_contains_paid_content":false,"footnotes":""},"categories":[678,676],"tags":[197,1121,696,1355,33,19],"class_list":["post-101653","post","type-post","status-publish","format-standard","has-post-thumbnail","hentry","category-convocatorias","category-edictos","tag-buenos-aires","tag-edicto","tag-interes-general","tag-judiciales","tag-locales","tag-san-pedro"],"aioseo_notices":[],"gutentor_comment":0,"jetpack_featured_media_url":"https:\/\/eldiariodesanpedro.com.ar\/sitio\/wp-content\/uploads\/2021\/11\/Circulo-Medico-Convocatoria-2021.jpg","jetpack_shortlink":"https:\/\/wp.me\/p6RhLt-qrz","jetpack_sharing_enabled":true,"_links":{"self":[{"href":"https:\/\/eldiariodesanpedro.com.ar\/sitio\/wp-json\/wp\/v2\/posts\/101653","targetHints":{"allow":["GET"]}}],"collection":[{"href":"https:\/\/eldiariodesanpedro.com.ar\/sitio\/wp-json\/wp\/v2\/posts"}],"about":[{"href":"https:\/\/eldiariodesanpedro.com.ar\/sitio\/wp-json\/wp\/v2\/types\/post"}],"author":[{"embeddable":true,"href":"https:\/\/eldiariodesanpedro.com.ar\/sitio\/wp-json\/wp\/v2\/users\/4"}],"replies":[{"embeddable":true,"href":"https:\/\/eldiariodesanpedro.com.ar\/sitio\/wp-json\/wp\/v2\/comments?post=101653"}],"version-history":[{"count":3,"href":"https:\/\/eldiariodesanpedro.com.ar\/sitio\/wp-json\/wp\/v2\/posts\/101653\/revisions"}],"predecessor-version":[{"id":102155,"href":"https:\/\/eldiariodesanpedro.com.ar\/sitio\/wp-json\/wp\/v2\/posts\/101653\/revisions\/102155"}],"wp:featuredmedia":[{"embeddable":true,"href":"https:\/\/eldiariodesanpedro.com.ar\/sitio\/wp-json\/wp\/v2\/media\/101655"}],"wp:attachment":[{"href":"https:\/\/eldiariodesanpedro.com.ar\/sitio\/wp-json\/wp\/v2\/media?parent=101653"}],"wp:term":[{"taxonomy":"category","embeddable":true,"href":"https:\/\/eldiariodesanpedro.com.ar\/sitio\/wp-json\/wp\/v2\/categories?post=101653"},{"taxonomy":"post_tag","embeddable":true,"href":"https:\/\/eldiariodesanpedro.com.ar\/sitio\/wp-json\/wp\/v2\/tags?post=101653"}],"curies":[{"name":"wp","href":"https:\/\/api.w.org\/{rel}","templated":true}]}}