{"id":101644,"date":"2021-11-24T12:53:37","date_gmt":"2021-11-24T15:53:37","guid":{"rendered":"https:\/\/eldiariodesanpedro.com.ar\/sitio\/?p=101644"},"modified":"2021-11-24T12:55:34","modified_gmt":"2021-11-24T15:55:34","slug":"edicto-de-prescripcion-martin-pedro-favetto-y-o-jorge-martin-carlos-alberto-y-leonor-beliz-de-favetto","status":"publish","type":"post","link":"https:\/\/eldiariodesanpedro.com.ar\/sitio\/edicto-de-prescripcion-martin-pedro-favetto-y-o-jorge-martin-carlos-alberto-y-leonor-beliz-de-favetto\/","title":{"rendered":"Edicto de Prescripci\u00f3n Martin Pedro Favetto y\/o Jorge Mart\u00edn, Carlos Alberto, y Leonor Beliz De Favetto"},"content":{"rendered":"<!-- VideographyWP Plugin Message: Automatic video embedding prevented by plugin options. -->\n\n<p>El Juzgado de Paz Letrado de San Pedro, Secretar\u00eda \u00fanica, cita y emplaza por diez (10) d\u00edas a <strong>Martin Pedro Favetto y\/o Jorge Mart\u00edn, Carlos Alberto, y Leonor Beliz De Favetto<\/strong> y\/o sus herederos y\/o a todos quienes se consideren con derechos al inmueble que se intenta prescribir sito en calles Benito Urraco y Noseda de la ciudad de San Pedro (Circunscripci\u00f3n 1 Secci\u00f3n J Manzana 121 C Parcela 6),. San Pedro, 16 de Noviembre de 2021.-<\/p>\n\n\n\n<p>FACUNDO VELL\u00d3N  <br>ABOGADO SECRETARIO<\/p>\n\n\n\n<p>(La publicacion equibale a los dias 24 y 25 de noviembre de 2021 segun lo acordado por Juzgado de Paz)<\/p>\n","protected":false},"excerpt":{"rendered":"<p>El Juzgado de Paz Letrado de San Pedro, Secretar\u00eda \u00fanica, cita y emplaza por diez (10) d\u00edas a Martin Pedro Favetto y\/o Jorge Mart\u00edn, Carlos Alberto, y Leonor Beliz De Favetto y\/o sus herederos y\/o a todos quienes se consideren con derechos al inmueble que se intenta prescribir sito en calles Benito Urraco y Noseda [&hellip;]<\/p>\n","protected":false},"author":4,"featured_media":81115,"comment_status":"closed","ping_status":"closed","sticky":false,"template":"","format":"standard","meta":{"om_disable_all_campaigns":false,"_jetpack_memberships_contains_paid_content":false,"footnotes":""},"categories":[676,1124],"tags":[197,1121,1355,33,19],"class_list":["post-101644","post","type-post","status-publish","format-standard","has-post-thumbnail","hentry","category-edictos","category-edictos-especiales","tag-buenos-aires","tag-edicto","tag-judiciales","tag-locales","tag-san-pedro"],"aioseo_notices":[],"gutentor_comment":0,"jetpack_featured_media_url":"https:\/\/eldiariodesanpedro.com.ar\/sitio\/wp-content\/uploads\/2020\/09\/Poder-Judicial.jpg","jetpack_shortlink":"https:\/\/wp.me\/p6RhLt-qrq","jetpack_sharing_enabled":true,"_links":{"self":[{"href":"https:\/\/eldiariodesanpedro.com.ar\/sitio\/wp-json\/wp\/v2\/posts\/101644","targetHints":{"allow":["GET"]}}],"collection":[{"href":"https:\/\/eldiariodesanpedro.com.ar\/sitio\/wp-json\/wp\/v2\/posts"}],"about":[{"href":"https:\/\/eldiariodesanpedro.com.ar\/sitio\/wp-json\/wp\/v2\/types\/post"}],"author":[{"embeddable":true,"href":"https:\/\/eldiariodesanpedro.com.ar\/sitio\/wp-json\/wp\/v2\/users\/4"}],"replies":[{"embeddable":true,"href":"https:\/\/eldiariodesanpedro.com.ar\/sitio\/wp-json\/wp\/v2\/comments?post=101644"}],"version-history":[{"count":2,"href":"https:\/\/eldiariodesanpedro.com.ar\/sitio\/wp-json\/wp\/v2\/posts\/101644\/revisions"}],"predecessor-version":[{"id":101646,"href":"https:\/\/eldiariodesanpedro.com.ar\/sitio\/wp-json\/wp\/v2\/posts\/101644\/revisions\/101646"}],"wp:featuredmedia":[{"embeddable":true,"href":"https:\/\/eldiariodesanpedro.com.ar\/sitio\/wp-json\/wp\/v2\/media\/81115"}],"wp:attachment":[{"href":"https:\/\/eldiariodesanpedro.com.ar\/sitio\/wp-json\/wp\/v2\/media?parent=101644"}],"wp:term":[{"taxonomy":"category","embeddable":true,"href":"https:\/\/eldiariodesanpedro.com.ar\/sitio\/wp-json\/wp\/v2\/categories?post=101644"},{"taxonomy":"post_tag","embeddable":true,"href":"https:\/\/eldiariodesanpedro.com.ar\/sitio\/wp-json\/wp\/v2\/tags?post=101644"}],"curies":[{"name":"wp","href":"https:\/\/api.w.org\/{rel}","templated":true}]}}