{"id":101641,"date":"2021-11-24T09:45:42","date_gmt":"2021-11-24T12:45:42","guid":{"rendered":"https:\/\/eldiariodesanpedro.com.ar\/sitio\/?p=101641"},"modified":"2021-11-24T09:45:45","modified_gmt":"2021-11-24T12:45:45","slug":"cronograma-de-pago-este-miercoles-de-anses","status":"publish","type":"post","link":"https:\/\/eldiariodesanpedro.com.ar\/sitio\/cronograma-de-pago-este-miercoles-de-anses\/","title":{"rendered":"Cronograma de Pago este mi\u00e9rcoles de Anses"},"content":{"rendered":"<!-- VideographyWP Plugin Message: Automatic video embedding prevented by plugin options. -->\n\n<p><strong>El organismo, a cargo de la Lic. Fernanda Raverta, informa que hoy se abonan jubilaciones, pensiones, Asignaci\u00f3n por Embarazo y Prestaci\u00f3n por Desempleo.<\/strong><strong><\/strong><\/p>\n\n\n\n<p><strong>Jubilaciones&nbsp;y&nbsp;pensiones&nbsp;<\/strong><\/p>\n\n\n\n<p>Las sucursales bancarias habilitadas atender\u00e1n por ventanilla a jubilados, jubiladas, pensionados y pensionadas con documentos terminados en&nbsp;<strong>4&nbsp;<\/strong>y<strong>&nbsp;5&nbsp;<\/strong>cuyos<strong>&nbsp;haberes SUPEREN la suma de 29.135 pesos<\/strong>.<\/p>\n\n\n\n<p><strong>Asignaci\u00f3n por Embarazo<\/strong><\/p>\n\n\n\n<p>Con la utilizaci\u00f3n de la tarjeta de d\u00e9bito, hoy cobran la Asignaci\u00f3n por Embarazo las titulares con documentos finalizados en&nbsp;<strong>9<\/strong>.<strong><\/strong><\/p>\n\n\n\n<p><strong>Prestaci\u00f3n por&nbsp;Desempleo<\/strong><\/p>\n\n\n\n<p>Hoy perciben la Prestaci\u00f3n por&nbsp;Desempleo&nbsp;las personas con documentos concluidos en&nbsp;<strong>2<\/strong>&nbsp;y&nbsp;<strong>3<\/strong>.<\/p>\n","protected":false},"excerpt":{"rendered":"<p>El organismo, a cargo de la Lic. Fernanda Raverta, informa que hoy se abonan jubilaciones, pensiones, Asignaci\u00f3n por Embarazo y Prestaci\u00f3n por Desempleo. Jubilaciones&nbsp;y&nbsp;pensiones&nbsp; Las sucursales bancarias habilitadas atender\u00e1n por ventanilla a jubilados, jubiladas, pensionados y pensionadas con documentos terminados en&nbsp;4&nbsp;y&nbsp;5&nbsp;cuyos&nbsp;haberes SUPEREN la suma de 29.135 pesos. Asignaci\u00f3n por Embarazo Con la utilizaci\u00f3n de la [&hellip;]<\/p>\n","protected":false},"author":4,"featured_media":74872,"comment_status":"closed","ping_status":"closed","sticky":false,"template":"","format":"standard","meta":{"om_disable_all_campaigns":false,"_jetpack_memberships_contains_paid_content":false,"footnotes":""},"categories":[50,101,2],"tags":[],"class_list":["post-101641","post","type-post","status-publish","format-standard","has-post-thumbnail","hentry","category-destacadas","category-interes-general-locales","category-locales"],"aioseo_notices":[],"gutentor_comment":0,"jetpack_featured_media_url":"https:\/\/eldiariodesanpedro.com.ar\/sitio\/wp-content\/uploads\/2020\/06\/SM-anses-07052020.jpeg","jetpack_shortlink":"https:\/\/wp.me\/p6RhLt-qrn","jetpack_sharing_enabled":true,"_links":{"self":[{"href":"https:\/\/eldiariodesanpedro.com.ar\/sitio\/wp-json\/wp\/v2\/posts\/101641","targetHints":{"allow":["GET"]}}],"collection":[{"href":"https:\/\/eldiariodesanpedro.com.ar\/sitio\/wp-json\/wp\/v2\/posts"}],"about":[{"href":"https:\/\/eldiariodesanpedro.com.ar\/sitio\/wp-json\/wp\/v2\/types\/post"}],"author":[{"embeddable":true,"href":"https:\/\/eldiariodesanpedro.com.ar\/sitio\/wp-json\/wp\/v2\/users\/4"}],"replies":[{"embeddable":true,"href":"https:\/\/eldiariodesanpedro.com.ar\/sitio\/wp-json\/wp\/v2\/comments?post=101641"}],"version-history":[{"count":1,"href":"https:\/\/eldiariodesanpedro.com.ar\/sitio\/wp-json\/wp\/v2\/posts\/101641\/revisions"}],"predecessor-version":[{"id":101642,"href":"https:\/\/eldiariodesanpedro.com.ar\/sitio\/wp-json\/wp\/v2\/posts\/101641\/revisions\/101642"}],"wp:featuredmedia":[{"embeddable":true,"href":"https:\/\/eldiariodesanpedro.com.ar\/sitio\/wp-json\/wp\/v2\/media\/74872"}],"wp:attachment":[{"href":"https:\/\/eldiariodesanpedro.com.ar\/sitio\/wp-json\/wp\/v2\/media?parent=101641"}],"wp:term":[{"taxonomy":"category","embeddable":true,"href":"https:\/\/eldiariodesanpedro.com.ar\/sitio\/wp-json\/wp\/v2\/categories?post=101641"},{"taxonomy":"post_tag","embeddable":true,"href":"https:\/\/eldiariodesanpedro.com.ar\/sitio\/wp-json\/wp\/v2\/tags?post=101641"}],"curies":[{"name":"wp","href":"https:\/\/api.w.org\/{rel}","templated":true}]}}