{"id":10164,"date":"2016-11-14T18:27:42","date_gmt":"2016-11-14T21:27:42","guid":{"rendered":"https:\/\/eldiariodesanpedro.com.ar\/sitio\/?p=10164"},"modified":"2016-11-14T18:39:07","modified_gmt":"2016-11-14T21:39:07","slug":"exitosa-maraton-solidaria-de-alucec","status":"publish","type":"post","link":"https:\/\/eldiariodesanpedro.com.ar\/sitio\/exitosa-maraton-solidaria-de-alucec\/","title":{"rendered":"Exitosa Marat\u00f3n Solidaria de ALUCEC"},"content":{"rendered":"<p><!-- VideographyWP Plugin Message: Automatic video embedding prevented by plugin options. --><br \/>\nBajo el lema \u201cCaminemos y corramos contra el c\u00e1ncer con ALUCEC\u201d, este fin de semana tambi\u00e9n tuvo lugar el evento solidario organizado por la Asociaci\u00f3n Lucha Contra el C\u00e1ncer. Las actividades comenzaron el s\u00e1bado por la ma\u00f1ana en el Paseo P\u00fablico municipal con m\u00fasica y arte. Luego se llev\u00f3 a cabo una caminata con una importante participaci\u00f3n.<\/p>\n<p>El domingo, si bien el clima no acompa\u00f1\u00f3, tuvo lugar la marat\u00f3n. Los participantes pudieron optar por competir en 5 o 10 km. <\/p>\n","protected":false},"excerpt":{"rendered":"<p>Bajo el lema \u201cCaminemos y corramos contra el c\u00e1ncer con ALUCEC\u201d, este fin de semana tambi\u00e9n tuvo lugar el evento solidario organizado por la Asociaci\u00f3n Lucha Contra el C\u00e1ncer. Las actividades comenzaron el s\u00e1bado por la ma\u00f1ana en el Paseo P\u00fablico municipal con m\u00fasica y arte. Luego se llev\u00f3 a cabo una caminata con una [&hellip;]<\/p>\n","protected":false},"author":4,"featured_media":10165,"comment_status":"open","ping_status":"closed","sticky":false,"template":"","format":"standard","meta":{"om_disable_all_campaigns":false,"_jetpack_memberships_contains_paid_content":false,"footnotes":""},"categories":[101,2],"tags":[],"class_list":["post-10164","post","type-post","status-publish","format-standard","has-post-thumbnail","hentry","category-interes-general-locales","category-locales"],"aioseo_notices":[],"gutentor_comment":0,"jetpack_featured_media_url":"https:\/\/eldiariodesanpedro.com.ar\/sitio\/wp-content\/uploads\/2016\/11\/PAGINA-4-02-1.jpg","jetpack_shortlink":"https:\/\/wp.me\/p6RhLt-2DW","jetpack_sharing_enabled":true,"_links":{"self":[{"href":"https:\/\/eldiariodesanpedro.com.ar\/sitio\/wp-json\/wp\/v2\/posts\/10164","targetHints":{"allow":["GET"]}}],"collection":[{"href":"https:\/\/eldiariodesanpedro.com.ar\/sitio\/wp-json\/wp\/v2\/posts"}],"about":[{"href":"https:\/\/eldiariodesanpedro.com.ar\/sitio\/wp-json\/wp\/v2\/types\/post"}],"author":[{"embeddable":true,"href":"https:\/\/eldiariodesanpedro.com.ar\/sitio\/wp-json\/wp\/v2\/users\/4"}],"replies":[{"embeddable":true,"href":"https:\/\/eldiariodesanpedro.com.ar\/sitio\/wp-json\/wp\/v2\/comments?post=10164"}],"version-history":[{"count":1,"href":"https:\/\/eldiariodesanpedro.com.ar\/sitio\/wp-json\/wp\/v2\/posts\/10164\/revisions"}],"predecessor-version":[{"id":10166,"href":"https:\/\/eldiariodesanpedro.com.ar\/sitio\/wp-json\/wp\/v2\/posts\/10164\/revisions\/10166"}],"wp:featuredmedia":[{"embeddable":true,"href":"https:\/\/eldiariodesanpedro.com.ar\/sitio\/wp-json\/wp\/v2\/media\/10165"}],"wp:attachment":[{"href":"https:\/\/eldiariodesanpedro.com.ar\/sitio\/wp-json\/wp\/v2\/media?parent=10164"}],"wp:term":[{"taxonomy":"category","embeddable":true,"href":"https:\/\/eldiariodesanpedro.com.ar\/sitio\/wp-json\/wp\/v2\/categories?post=10164"},{"taxonomy":"post_tag","embeddable":true,"href":"https:\/\/eldiariodesanpedro.com.ar\/sitio\/wp-json\/wp\/v2\/tags?post=10164"}],"curies":[{"name":"wp","href":"https:\/\/api.w.org\/{rel}","templated":true}]}}