{"id":101638,"date":"2021-11-18T20:50:37","date_gmt":"2021-11-18T23:50:37","guid":{"rendered":"https:\/\/eldiariodesanpedro.com.ar\/sitio\/?p=101638"},"modified":"2021-11-18T20:50:39","modified_gmt":"2021-11-18T23:50:39","slug":"campana-de-vacunacion-para-caninos-y-felinos-7","status":"publish","type":"post","link":"https:\/\/eldiariodesanpedro.com.ar\/sitio\/campana-de-vacunacion-para-caninos-y-felinos-7\/","title":{"rendered":"Campa\u00f1a de Vacunaci\u00f3n para caninos y felinos"},"content":{"rendered":"<!-- VideographyWP Plugin Message: Automatic video embedding prevented by plugin options. -->\n\n<p>El Departamento Canino informa que, continuando con la campa\u00f1a de vacunaci\u00f3n para perros y gatos, este viernes 19 de noviembre se instalar\u00e1 un equipo del \u00e1rea que recorrer\u00e1 la zona de Bajo Puerto.<\/p>\n\n\n\n<p>Se invita a quienes deseen acercar sus mascotas, pueden hacerlo respetando las medidas sanitarias vigentes entre las 8.30 hs y 12.30 hs. Les recordamos que todos los animales deber\u00e1n tener collar, correa y\/o bozal.<\/p>\n","protected":false},"excerpt":{"rendered":"<p>El Departamento Canino informa que, continuando con la campa\u00f1a de vacunaci\u00f3n para perros y gatos, este viernes 19 de noviembre se instalar\u00e1 un equipo del \u00e1rea que recorrer\u00e1 la zona de Bajo Puerto. Se invita a quienes deseen acercar sus mascotas, pueden hacerlo respetando las medidas sanitarias vigentes entre las 8.30 hs y 12.30 hs. [&hellip;]<\/p>\n","protected":false},"author":4,"featured_media":101319,"comment_status":"closed","ping_status":"closed","sticky":false,"template":"","format":"standard","meta":{"om_disable_all_campaigns":false,"_jetpack_memberships_contains_paid_content":false,"footnotes":""},"categories":[101,2],"tags":[],"class_list":["post-101638","post","type-post","status-publish","format-standard","has-post-thumbnail","hentry","category-interes-general-locales","category-locales"],"aioseo_notices":[],"gutentor_comment":0,"jetpack_featured_media_url":"https:\/\/eldiariodesanpedro.com.ar\/sitio\/wp-content\/uploads\/2021\/11\/037171_67ce17012db946a5b09655126bd85012_mv2.jpg","jetpack_shortlink":"https:\/\/wp.me\/p6RhLt-qrk","jetpack_sharing_enabled":true,"_links":{"self":[{"href":"https:\/\/eldiariodesanpedro.com.ar\/sitio\/wp-json\/wp\/v2\/posts\/101638","targetHints":{"allow":["GET"]}}],"collection":[{"href":"https:\/\/eldiariodesanpedro.com.ar\/sitio\/wp-json\/wp\/v2\/posts"}],"about":[{"href":"https:\/\/eldiariodesanpedro.com.ar\/sitio\/wp-json\/wp\/v2\/types\/post"}],"author":[{"embeddable":true,"href":"https:\/\/eldiariodesanpedro.com.ar\/sitio\/wp-json\/wp\/v2\/users\/4"}],"replies":[{"embeddable":true,"href":"https:\/\/eldiariodesanpedro.com.ar\/sitio\/wp-json\/wp\/v2\/comments?post=101638"}],"version-history":[{"count":1,"href":"https:\/\/eldiariodesanpedro.com.ar\/sitio\/wp-json\/wp\/v2\/posts\/101638\/revisions"}],"predecessor-version":[{"id":101639,"href":"https:\/\/eldiariodesanpedro.com.ar\/sitio\/wp-json\/wp\/v2\/posts\/101638\/revisions\/101639"}],"wp:featuredmedia":[{"embeddable":true,"href":"https:\/\/eldiariodesanpedro.com.ar\/sitio\/wp-json\/wp\/v2\/media\/101319"}],"wp:attachment":[{"href":"https:\/\/eldiariodesanpedro.com.ar\/sitio\/wp-json\/wp\/v2\/media?parent=101638"}],"wp:term":[{"taxonomy":"category","embeddable":true,"href":"https:\/\/eldiariodesanpedro.com.ar\/sitio\/wp-json\/wp\/v2\/categories?post=101638"},{"taxonomy":"post_tag","embeddable":true,"href":"https:\/\/eldiariodesanpedro.com.ar\/sitio\/wp-json\/wp\/v2\/tags?post=101638"}],"curies":[{"name":"wp","href":"https:\/\/api.w.org\/{rel}","templated":true}]}}