{"id":101633,"date":"2021-11-18T20:34:01","date_gmt":"2021-11-18T23:34:01","guid":{"rendered":"https:\/\/eldiariodesanpedro.com.ar\/sitio\/?p=101633"},"modified":"2021-11-18T20:34:03","modified_gmt":"2021-11-18T23:34:03","slug":"la-municipalidad-de-san-pedro-distinguio-a-la-deportista-candela-raviola","status":"publish","type":"post","link":"https:\/\/eldiariodesanpedro.com.ar\/sitio\/la-municipalidad-de-san-pedro-distinguio-a-la-deportista-candela-raviola\/","title":{"rendered":"La Municipalidad de San Pedro distingui\u00f3 a la deportista Candela Raviola"},"content":{"rendered":"<!-- VideographyWP Plugin Message: Automatic video embedding prevented by plugin options. -->\n\n<p>La joven nadadora de 15 a\u00f1os fue recibida por el Secretario de Coordinaci\u00f3n Ram\u00f3n Salazar, el Secretario de Gobierno Pablo Vlaeminck y el Director de Deportes Mariano Arnal en el despacho del Intendente para felicitarla por su gran performance en el Sudamericano juvenil que se llev\u00f3 a cabo en la ciudad de Lima, Per\u00fa donde logr\u00f3 alcanzar el podio en las cinco competencias de las que particip\u00f3 alcanzando una medalla de oro y cuatro de plata.<\/p>\n\n\n\n<p>Durante el acto, del que tambi\u00e9n participaron su entrenador Sebasti\u00e1n Est\u00e9vez y su madre, se les entreg\u00f3 a la deportista y su entrenador un diploma y un presente en nombre del Intendente Cecilio Salazar antes de comenzar su participaci\u00f3n en los Juegos Panamericanos Junior 2021 que se llevar\u00e1n a cabo en las ciudades colombianas de Cali y Valle del Cauca, desde el 25 de noviembre al 5 de diciembre.<\/p>\n","protected":false},"excerpt":{"rendered":"<p>La joven nadadora de 15 a\u00f1os fue recibida por el Secretario de Coordinaci\u00f3n Ram\u00f3n Salazar, el Secretario de Gobierno Pablo Vlaeminck y el Director de Deportes Mariano Arnal en el despacho del Intendente para felicitarla por su gran performance en el Sudamericano juvenil que se llev\u00f3 a cabo en la ciudad de Lima, Per\u00fa donde [&hellip;]<\/p>\n","protected":false},"author":4,"featured_media":101635,"comment_status":"closed","ping_status":"closed","sticky":false,"template":"","format":"standard","meta":{"om_disable_all_campaigns":false,"_jetpack_memberships_contains_paid_content":false,"footnotes":""},"categories":[50,101,2],"tags":[],"class_list":["post-101633","post","type-post","status-publish","format-standard","has-post-thumbnail","hentry","category-destacadas","category-interes-general-locales","category-locales"],"aioseo_notices":[],"gutentor_comment":0,"jetpack_featured_media_url":"https:\/\/eldiariodesanpedro.com.ar\/sitio\/wp-content\/uploads\/2021\/11\/WhatsApp-Image-2021-11-18-at-15.54.24.jpeg","jetpack_shortlink":"https:\/\/wp.me\/p6RhLt-qrf","jetpack_sharing_enabled":true,"_links":{"self":[{"href":"https:\/\/eldiariodesanpedro.com.ar\/sitio\/wp-json\/wp\/v2\/posts\/101633","targetHints":{"allow":["GET"]}}],"collection":[{"href":"https:\/\/eldiariodesanpedro.com.ar\/sitio\/wp-json\/wp\/v2\/posts"}],"about":[{"href":"https:\/\/eldiariodesanpedro.com.ar\/sitio\/wp-json\/wp\/v2\/types\/post"}],"author":[{"embeddable":true,"href":"https:\/\/eldiariodesanpedro.com.ar\/sitio\/wp-json\/wp\/v2\/users\/4"}],"replies":[{"embeddable":true,"href":"https:\/\/eldiariodesanpedro.com.ar\/sitio\/wp-json\/wp\/v2\/comments?post=101633"}],"version-history":[{"count":1,"href":"https:\/\/eldiariodesanpedro.com.ar\/sitio\/wp-json\/wp\/v2\/posts\/101633\/revisions"}],"predecessor-version":[{"id":101637,"href":"https:\/\/eldiariodesanpedro.com.ar\/sitio\/wp-json\/wp\/v2\/posts\/101633\/revisions\/101637"}],"wp:featuredmedia":[{"embeddable":true,"href":"https:\/\/eldiariodesanpedro.com.ar\/sitio\/wp-json\/wp\/v2\/media\/101635"}],"wp:attachment":[{"href":"https:\/\/eldiariodesanpedro.com.ar\/sitio\/wp-json\/wp\/v2\/media?parent=101633"}],"wp:term":[{"taxonomy":"category","embeddable":true,"href":"https:\/\/eldiariodesanpedro.com.ar\/sitio\/wp-json\/wp\/v2\/categories?post=101633"},{"taxonomy":"post_tag","embeddable":true,"href":"https:\/\/eldiariodesanpedro.com.ar\/sitio\/wp-json\/wp\/v2\/tags?post=101633"}],"curies":[{"name":"wp","href":"https:\/\/api.w.org\/{rel}","templated":true}]}}