{"id":101629,"date":"2021-11-18T18:48:14","date_gmt":"2021-11-18T21:48:14","guid":{"rendered":"https:\/\/eldiariodesanpedro.com.ar\/sitio\/?p=101629"},"modified":"2021-11-18T18:48:16","modified_gmt":"2021-11-18T21:48:16","slug":"23-propuestas-para-la-adjudicacion-de-carribares","status":"publish","type":"post","link":"https:\/\/eldiariodesanpedro.com.ar\/sitio\/23-propuestas-para-la-adjudicacion-de-carribares\/","title":{"rendered":"23 propuestas para la adjudicaci\u00f3n de \u00abcarribares\u00bb"},"content":{"rendered":"<!-- VideographyWP Plugin Message: Automatic video embedding prevented by plugin options. -->\n\n<p>La Municipalidad de San Pedro cumpli\u00f3 esta ma\u00f1ana con la apertura de sobres con las propuestas presentadas para la adjudicaci\u00f3n de espacios para la explotaci\u00f3n de carribares, en los sitios disponibles dentro de la regularizaci\u00f3n enmarcada en las ordenanzas vigentes.<\/p>\n\n\n\n<p>En el acto, que cont\u00f3 con la participaci\u00f3n del Secretario de Gobierno Pablo Vlaeminck, la Secretaria de Turismo y Cultura Marcela Cu\u00f1er, la Directora de Contadur\u00eda Mariana Giosa, el Director de Rentas Gabriel Gaona, el Jefe de la oficina de compras Osvaldo \u00c1lvarez y fue seguido por los oferentes a trav\u00e9s de una videoconferencia, se dio ingreso a 23 propuestas que ser\u00e1n analizadas por las \u00e1reas intervinientes para su posterior resoluci\u00f3n<\/p>\n\n\n\n<figure class=\"wp-block-image size-large\"><img decoding=\"async\" width=\"1024\" height=\"743\" data-attachment-id=\"101630\" data-permalink=\"https:\/\/eldiariodesanpedro.com.ar\/sitio\/23-propuestas-para-la-adjudicacion-de-carribares\/whatsapp-image-2021-11-18-at-15-38-59-1\/\" data-orig-file=\"https:\/\/eldiariodesanpedro.com.ar\/sitio\/wp-content\/uploads\/2021\/11\/WhatsApp-Image-2021-11-18-at-15.38.59-1.jpeg\" data-orig-size=\"1280,929\" data-comments-opened=\"0\" data-image-meta=\"{&quot;aperture&quot;:&quot;0&quot;,&quot;credit&quot;:&quot;&quot;,&quot;camera&quot;:&quot;&quot;,&quot;caption&quot;:&quot;&quot;,&quot;created_timestamp&quot;:&quot;0&quot;,&quot;copyright&quot;:&quot;&quot;,&quot;focal_length&quot;:&quot;0&quot;,&quot;iso&quot;:&quot;0&quot;,&quot;shutter_speed&quot;:&quot;0&quot;,&quot;title&quot;:&quot;&quot;,&quot;orientation&quot;:&quot;0&quot;}\" data-image-title=\"WhatsApp Image 2021-11-18 at 15.38.59 (1)\" data-image-description=\"\" data-image-caption=\"\" data-large-file=\"https:\/\/eldiariodesanpedro.com.ar\/sitio\/wp-content\/uploads\/2021\/11\/WhatsApp-Image-2021-11-18-at-15.38.59-1-1024x743.jpeg\" data-src=\"https:\/\/eldiariodesanpedro.com.ar\/sitio\/wp-content\/uploads\/2021\/11\/WhatsApp-Image-2021-11-18-at-15.38.59-1-1024x743.jpeg\" alt=\"\" class=\"wp-image-101630 lazyload\" data-srcset=\"https:\/\/eldiariodesanpedro.com.ar\/sitio\/wp-content\/uploads\/2021\/11\/WhatsApp-Image-2021-11-18-at-15.38.59-1-1024x743.jpeg 1024w, https:\/\/eldiariodesanpedro.com.ar\/sitio\/wp-content\/uploads\/2021\/11\/WhatsApp-Image-2021-11-18-at-15.38.59-1-300x218.jpeg 300w, https:\/\/eldiariodesanpedro.com.ar\/sitio\/wp-content\/uploads\/2021\/11\/WhatsApp-Image-2021-11-18-at-15.38.59-1-768x557.jpeg 768w, https:\/\/eldiariodesanpedro.com.ar\/sitio\/wp-content\/uploads\/2021\/11\/WhatsApp-Image-2021-11-18-at-15.38.59-1.jpeg 1280w\" data-sizes=\"(max-width: 1024px) 100vw, 1024px\" src=\"data:image\/svg+xml;base64,PHN2ZyB3aWR0aD0iMSIgaGVpZ2h0PSIxIiB4bWxucz0iaHR0cDovL3d3dy53My5vcmcvMjAwMC9zdmciPjwvc3ZnPg==\" style=\"--smush-placeholder-width: 1024px; --smush-placeholder-aspect-ratio: 1024\/743;\" \/><\/figure>\n","protected":false},"excerpt":{"rendered":"<p>La Municipalidad de San Pedro cumpli\u00f3 esta ma\u00f1ana con la apertura de sobres con las propuestas presentadas para la adjudicaci\u00f3n de espacios para la explotaci\u00f3n de carribares, en los sitios disponibles dentro de la regularizaci\u00f3n enmarcada en las ordenanzas vigentes. En el acto, que cont\u00f3 con la participaci\u00f3n del Secretario de Gobierno Pablo Vlaeminck, la [&hellip;]<\/p>\n","protected":false},"author":4,"featured_media":101631,"comment_status":"closed","ping_status":"closed","sticky":false,"template":"","format":"standard","meta":{"om_disable_all_campaigns":false,"_jetpack_memberships_contains_paid_content":false,"footnotes":""},"categories":[50,101,2],"tags":[],"class_list":["post-101629","post","type-post","status-publish","format-standard","has-post-thumbnail","hentry","category-destacadas","category-interes-general-locales","category-locales"],"aioseo_notices":[],"gutentor_comment":0,"jetpack_featured_media_url":"https:\/\/eldiariodesanpedro.com.ar\/sitio\/wp-content\/uploads\/2021\/11\/WhatsApp-Image-2021-11-18-at-15.38.59.jpeg","jetpack_shortlink":"https:\/\/wp.me\/p6RhLt-qrb","jetpack_sharing_enabled":true,"_links":{"self":[{"href":"https:\/\/eldiariodesanpedro.com.ar\/sitio\/wp-json\/wp\/v2\/posts\/101629","targetHints":{"allow":["GET"]}}],"collection":[{"href":"https:\/\/eldiariodesanpedro.com.ar\/sitio\/wp-json\/wp\/v2\/posts"}],"about":[{"href":"https:\/\/eldiariodesanpedro.com.ar\/sitio\/wp-json\/wp\/v2\/types\/post"}],"author":[{"embeddable":true,"href":"https:\/\/eldiariodesanpedro.com.ar\/sitio\/wp-json\/wp\/v2\/users\/4"}],"replies":[{"embeddable":true,"href":"https:\/\/eldiariodesanpedro.com.ar\/sitio\/wp-json\/wp\/v2\/comments?post=101629"}],"version-history":[{"count":1,"href":"https:\/\/eldiariodesanpedro.com.ar\/sitio\/wp-json\/wp\/v2\/posts\/101629\/revisions"}],"predecessor-version":[{"id":101632,"href":"https:\/\/eldiariodesanpedro.com.ar\/sitio\/wp-json\/wp\/v2\/posts\/101629\/revisions\/101632"}],"wp:featuredmedia":[{"embeddable":true,"href":"https:\/\/eldiariodesanpedro.com.ar\/sitio\/wp-json\/wp\/v2\/media\/101631"}],"wp:attachment":[{"href":"https:\/\/eldiariodesanpedro.com.ar\/sitio\/wp-json\/wp\/v2\/media?parent=101629"}],"wp:term":[{"taxonomy":"category","embeddable":true,"href":"https:\/\/eldiariodesanpedro.com.ar\/sitio\/wp-json\/wp\/v2\/categories?post=101629"},{"taxonomy":"post_tag","embeddable":true,"href":"https:\/\/eldiariodesanpedro.com.ar\/sitio\/wp-json\/wp\/v2\/tags?post=101629"}],"curies":[{"name":"wp","href":"https:\/\/api.w.org\/{rel}","templated":true}]}}