{"id":101620,"date":"2021-11-18T18:38:45","date_gmt":"2021-11-18T21:38:45","guid":{"rendered":"https:\/\/eldiariodesanpedro.com.ar\/sitio\/?p=101620"},"modified":"2021-11-18T18:38:47","modified_gmt":"2021-11-18T21:38:47","slug":"se-viene-el-dia-de-las-rosas","status":"publish","type":"post","link":"https:\/\/eldiariodesanpedro.com.ar\/sitio\/se-viene-el-dia-de-las-rosas\/","title":{"rendered":"Se viene \u00abEl D\u00eda de las Rosas\u00bb."},"content":{"rendered":"<!-- VideographyWP Plugin Message: Automatic video embedding prevented by plugin options. -->\n\n<p>El \u00abD\u00eda de las Rosas\u00bb ser\u00e1 un evento co-organizado por la C\u00e1mara de Viveristas, la Municipalidad y el INTA San Pedro con el objetivo de posicionar los rosales de calidad y sanidad controlada.<\/p>\n\n\n\n<p>Este mi\u00e9rcoles por la ma\u00f1ana en la Casona de la Secretar\u00eda de Turismo se organiz\u00f3 un desayuno de trabajo del que participaron representantes del grupo que llevar\u00e1 adelante esta experiencia en la que ya confirmaron su presencia, una docena de viveristas locales que siguen un protocolo en la producci\u00f3n que les permite obtener un sello de calidad.<\/p>\n\n\n\n<p>El evento, con entrada libre y gratuita, se realizar\u00e1 el 27 de noviembre, de 9 a 13 hs, enfocado en paisajistas o viveristas que quieran conocer las 90 variedades que se disponen libre de virus.<\/p>\n\n\n\n<p>Desde la organizaci\u00f3n se brindar\u00e1 una recepci\u00f3n especial con explicaciones t\u00e9cnicas sobre el alcance de la producci\u00f3n de calidad y sanidad controlada, el acceso en vivo de las rosas florecidas y la disponibilidad de cat\u00e1logo en l\u00ednea.<\/p>\n\n\n\n<p>Durante la jornada se ofrecer\u00e1 un espacio denominado \u00abCl\u00ednica de plantas\u00bb a cargo del INTA, y stands institucionales de la C\u00e1mara de Viveristas y de la Secretar\u00eda de Turismo y Cultura que acompa\u00f1a esta iniciativa dentro de una agenda en la que las producciones locales constituyen tambi\u00e9n un atractivo especial para la zona.<\/p>\n\n\n\n<figure class=\"wp-block-image size-large\"><img decoding=\"async\" width=\"1024\" height=\"1024\" data-attachment-id=\"101621\" data-permalink=\"https:\/\/eldiariodesanpedro.com.ar\/sitio\/se-viene-el-dia-de-las-rosas\/whatsapp-image-2021-11-17-at-17-54-30\/\" data-orig-file=\"https:\/\/eldiariodesanpedro.com.ar\/sitio\/wp-content\/uploads\/2021\/11\/WhatsApp-Image-2021-11-17-at-17.54.30.jpeg\" data-orig-size=\"1280,1280\" data-comments-opened=\"0\" data-image-meta=\"{&quot;aperture&quot;:&quot;0&quot;,&quot;credit&quot;:&quot;&quot;,&quot;camera&quot;:&quot;&quot;,&quot;caption&quot;:&quot;&quot;,&quot;created_timestamp&quot;:&quot;0&quot;,&quot;copyright&quot;:&quot;&quot;,&quot;focal_length&quot;:&quot;0&quot;,&quot;iso&quot;:&quot;0&quot;,&quot;shutter_speed&quot;:&quot;0&quot;,&quot;title&quot;:&quot;&quot;,&quot;orientation&quot;:&quot;0&quot;}\" data-image-title=\"WhatsApp Image 2021-11-17 at 17.54.30\" data-image-description=\"\" data-image-caption=\"\" data-large-file=\"https:\/\/eldiariodesanpedro.com.ar\/sitio\/wp-content\/uploads\/2021\/11\/WhatsApp-Image-2021-11-17-at-17.54.30-1024x1024.jpeg\" data-src=\"https:\/\/eldiariodesanpedro.com.ar\/sitio\/wp-content\/uploads\/2021\/11\/WhatsApp-Image-2021-11-17-at-17.54.30-1024x1024.jpeg\" alt=\"\" class=\"wp-image-101621 lazyload\" data-srcset=\"https:\/\/eldiariodesanpedro.com.ar\/sitio\/wp-content\/uploads\/2021\/11\/WhatsApp-Image-2021-11-17-at-17.54.30-1024x1024.jpeg 1024w, https:\/\/eldiariodesanpedro.com.ar\/sitio\/wp-content\/uploads\/2021\/11\/WhatsApp-Image-2021-11-17-at-17.54.30-300x300.jpeg 300w, https:\/\/eldiariodesanpedro.com.ar\/sitio\/wp-content\/uploads\/2021\/11\/WhatsApp-Image-2021-11-17-at-17.54.30-150x150.jpeg 150w, https:\/\/eldiariodesanpedro.com.ar\/sitio\/wp-content\/uploads\/2021\/11\/WhatsApp-Image-2021-11-17-at-17.54.30-768x768.jpeg 768w, https:\/\/eldiariodesanpedro.com.ar\/sitio\/wp-content\/uploads\/2021\/11\/WhatsApp-Image-2021-11-17-at-17.54.30.jpeg 1280w\" data-sizes=\"(max-width: 1024px) 100vw, 1024px\" src=\"data:image\/svg+xml;base64,PHN2ZyB3aWR0aD0iMSIgaGVpZ2h0PSIxIiB4bWxucz0iaHR0cDovL3d3dy53My5vcmcvMjAwMC9zdmciPjwvc3ZnPg==\" style=\"--smush-placeholder-width: 1024px; --smush-placeholder-aspect-ratio: 1024\/1024;\" \/><\/figure>\n","protected":false},"excerpt":{"rendered":"<p>El \u00abD\u00eda de las Rosas\u00bb ser\u00e1 un evento co-organizado por la C\u00e1mara de Viveristas, la Municipalidad y el INTA San Pedro con el objetivo de posicionar los rosales de calidad y sanidad controlada. Este mi\u00e9rcoles por la ma\u00f1ana en la Casona de la Secretar\u00eda de Turismo se organiz\u00f3 un desayuno de trabajo del que participaron [&hellip;]<\/p>\n","protected":false},"author":4,"featured_media":101622,"comment_status":"closed","ping_status":"closed","sticky":false,"template":"","format":"standard","meta":{"om_disable_all_campaigns":false,"_jetpack_memberships_contains_paid_content":false,"footnotes":""},"categories":[50,101,2],"tags":[],"class_list":["post-101620","post","type-post","status-publish","format-standard","has-post-thumbnail","hentry","category-destacadas","category-interes-general-locales","category-locales"],"aioseo_notices":[],"gutentor_comment":0,"jetpack_featured_media_url":"https:\/\/eldiariodesanpedro.com.ar\/sitio\/wp-content\/uploads\/2021\/11\/WhatsApp-Image-2021-11-17-at-18.08.24.jpeg","jetpack_shortlink":"https:\/\/wp.me\/p6RhLt-qr2","jetpack_sharing_enabled":true,"_links":{"self":[{"href":"https:\/\/eldiariodesanpedro.com.ar\/sitio\/wp-json\/wp\/v2\/posts\/101620","targetHints":{"allow":["GET"]}}],"collection":[{"href":"https:\/\/eldiariodesanpedro.com.ar\/sitio\/wp-json\/wp\/v2\/posts"}],"about":[{"href":"https:\/\/eldiariodesanpedro.com.ar\/sitio\/wp-json\/wp\/v2\/types\/post"}],"author":[{"embeddable":true,"href":"https:\/\/eldiariodesanpedro.com.ar\/sitio\/wp-json\/wp\/v2\/users\/4"}],"replies":[{"embeddable":true,"href":"https:\/\/eldiariodesanpedro.com.ar\/sitio\/wp-json\/wp\/v2\/comments?post=101620"}],"version-history":[{"count":1,"href":"https:\/\/eldiariodesanpedro.com.ar\/sitio\/wp-json\/wp\/v2\/posts\/101620\/revisions"}],"predecessor-version":[{"id":101623,"href":"https:\/\/eldiariodesanpedro.com.ar\/sitio\/wp-json\/wp\/v2\/posts\/101620\/revisions\/101623"}],"wp:featuredmedia":[{"embeddable":true,"href":"https:\/\/eldiariodesanpedro.com.ar\/sitio\/wp-json\/wp\/v2\/media\/101622"}],"wp:attachment":[{"href":"https:\/\/eldiariodesanpedro.com.ar\/sitio\/wp-json\/wp\/v2\/media?parent=101620"}],"wp:term":[{"taxonomy":"category","embeddable":true,"href":"https:\/\/eldiariodesanpedro.com.ar\/sitio\/wp-json\/wp\/v2\/categories?post=101620"},{"taxonomy":"post_tag","embeddable":true,"href":"https:\/\/eldiariodesanpedro.com.ar\/sitio\/wp-json\/wp\/v2\/tags?post=101620"}],"curies":[{"name":"wp","href":"https:\/\/api.w.org\/{rel}","templated":true}]}}