{"id":10161,"date":"2016-11-14T18:26:34","date_gmt":"2016-11-14T21:26:34","guid":{"rendered":"https:\/\/eldiariodesanpedro.com.ar\/sitio\/?p=10161"},"modified":"2016-11-14T18:26:34","modified_gmt":"2016-11-14T21:26:34","slug":"se-realizo-una-nueva-edicion-del-festival-sabalero","status":"publish","type":"post","link":"https:\/\/eldiariodesanpedro.com.ar\/sitio\/se-realizo-una-nueva-edicion-del-festival-sabalero\/","title":{"rendered":"Se realiz\u00f3 una nueva edici\u00f3n del Festival Sabalero"},"content":{"rendered":"<p><!-- VideographyWP Plugin Message: Automatic video embedding prevented by plugin options. --><br \/>\nSe desarroll\u00f3 el s\u00e1bado el Festival Sabalero en el Espacio P\u00fablico y Cultural El Viejo Astillero. En esta oportunidad fueron convocados a participar el Ensamble de Voces Femeninas del Conservatorio, Rub\u00e9n Molina, Bartolo Garau, Ensamble de Instrumentos del Conservatorio (con 19 instrumentos en escena), Coro de Maestras Jubiladas, Rosendo Carabajal, An\u00edbal Rold\u00e1n, Murga de las escuelas 501 y 502, Panchi Tagliatori y Abel Gaido.<\/p>\n<p>Tambi\u00e9n se llev\u00f3 a cabo la presentaci\u00f3n del disco de la edici\u00f3n anterior con temas propios de los m\u00fasicos sampedrinos que participaron en esa ocasi\u00f3n. \u201cAll\u00ed se puede encontrar desde una composici\u00f3n de Jos\u00e9 Ricciutti dedicada a la orquesta que dirig\u00eda en los a\u00f1os 40, interpretada por Bartolom\u00e9 Garau; o un chamam\u00e9 dedicado a Lito G\u00f3mez, pescador de Las Canaletas, compuesto e interpretado por Ricardo y Rosendito Carabajal; o un reggae de la mano de Alfredo Bevilacqua. Cabe destacar que se puede escuchar online y bajar gratuitamente de <a href=\"http:\/\/festivalsabalero.bandcamp.com\/\" target=\"_blank\">festivalsabalero.bandcamp.com<\/a>\u201d, expresaron desde la organizaci\u00f3n.<\/p>\n","protected":false},"excerpt":{"rendered":"<p>Se desarroll\u00f3 el s\u00e1bado el Festival Sabalero en el Espacio P\u00fablico y Cultural El Viejo Astillero. En esta oportunidad fueron convocados a participar el Ensamble de Voces Femeninas del Conservatorio, Rub\u00e9n Molina, Bartolo Garau, Ensamble de Instrumentos del Conservatorio (con 19 instrumentos en escena), Coro de Maestras Jubiladas, Rosendo Carabajal, An\u00edbal Rold\u00e1n, Murga de las [&hellip;]<\/p>\n","protected":false},"author":4,"featured_media":10162,"comment_status":"open","ping_status":"closed","sticky":false,"template":"","format":"standard","meta":{"om_disable_all_campaigns":false,"_jetpack_memberships_contains_paid_content":false,"footnotes":""},"categories":[101,2],"tags":[],"class_list":["post-10161","post","type-post","status-publish","format-standard","has-post-thumbnail","hentry","category-interes-general-locales","category-locales"],"aioseo_notices":[],"gutentor_comment":0,"jetpack_featured_media_url":"https:\/\/eldiariodesanpedro.com.ar\/sitio\/wp-content\/uploads\/2016\/11\/PAGINA-4-01-1.jpg","jetpack_shortlink":"https:\/\/wp.me\/p6RhLt-2DT","jetpack_sharing_enabled":true,"_links":{"self":[{"href":"https:\/\/eldiariodesanpedro.com.ar\/sitio\/wp-json\/wp\/v2\/posts\/10161","targetHints":{"allow":["GET"]}}],"collection":[{"href":"https:\/\/eldiariodesanpedro.com.ar\/sitio\/wp-json\/wp\/v2\/posts"}],"about":[{"href":"https:\/\/eldiariodesanpedro.com.ar\/sitio\/wp-json\/wp\/v2\/types\/post"}],"author":[{"embeddable":true,"href":"https:\/\/eldiariodesanpedro.com.ar\/sitio\/wp-json\/wp\/v2\/users\/4"}],"replies":[{"embeddable":true,"href":"https:\/\/eldiariodesanpedro.com.ar\/sitio\/wp-json\/wp\/v2\/comments?post=10161"}],"version-history":[{"count":1,"href":"https:\/\/eldiariodesanpedro.com.ar\/sitio\/wp-json\/wp\/v2\/posts\/10161\/revisions"}],"predecessor-version":[{"id":10163,"href":"https:\/\/eldiariodesanpedro.com.ar\/sitio\/wp-json\/wp\/v2\/posts\/10161\/revisions\/10163"}],"wp:featuredmedia":[{"embeddable":true,"href":"https:\/\/eldiariodesanpedro.com.ar\/sitio\/wp-json\/wp\/v2\/media\/10162"}],"wp:attachment":[{"href":"https:\/\/eldiariodesanpedro.com.ar\/sitio\/wp-json\/wp\/v2\/media?parent=10161"}],"wp:term":[{"taxonomy":"category","embeddable":true,"href":"https:\/\/eldiariodesanpedro.com.ar\/sitio\/wp-json\/wp\/v2\/categories?post=10161"},{"taxonomy":"post_tag","embeddable":true,"href":"https:\/\/eldiariodesanpedro.com.ar\/sitio\/wp-json\/wp\/v2\/tags?post=10161"}],"curies":[{"name":"wp","href":"https:\/\/api.w.org\/{rel}","templated":true}]}}