{"id":101603,"date":"2021-11-17T17:12:45","date_gmt":"2021-11-17T20:12:45","guid":{"rendered":"https:\/\/eldiariodesanpedro.com.ar\/sitio\/?p=101603"},"modified":"2021-11-17T17:12:47","modified_gmt":"2021-11-17T20:12:47","slug":"reunion-con-lalcec-para-coordinar-campanas-de-prevencion","status":"publish","type":"post","link":"https:\/\/eldiariodesanpedro.com.ar\/sitio\/reunion-con-lalcec-para-coordinar-campanas-de-prevencion\/","title":{"rendered":"Reuni\u00f3n con LALCEC para coordinar campa\u00f1as de prevenci\u00f3n"},"content":{"rendered":"<!-- VideographyWP Plugin Message: Automatic video embedding prevented by plugin options. -->\n\n<p>Representantes de LALCEC San Pedro recibieron al Director de Atenci\u00f3n Primaria de la Salud Dr. Gabriel Sayago para establecer un plan de articulaci\u00f3n en las campa\u00f1as de prevenci\u00f3n oncol\u00f3gica que lleva adelante la organizaci\u00f3n con los Centros de Salud de la Municipalidad.<\/p>\n\n\n\n<p>Pablo Roca, Raquel Maffei, Emilia Paladini y Lucrecia Hern\u00e1ndez de LALCEC expresaron su predisposici\u00f3n a optimizar los esfuerzos que se realizan y ampliar el alcance de las campa\u00f1as que se proponen frecuentemente desde la filial local.<\/p>\n\n\n\n<p>A partir de las pr\u00f3ximas convocatorias, habr\u00e1 una difusi\u00f3n especial en las zonas de influencia de los Centros de Salud y Hospitales de las localidades para estimular una mayor afluencia. Adem\u00e1s se comenzar\u00e1 a trabajar en la centralizaci\u00f3n de los datos estad\u00edsticos sobre la morbimortalidad por esta patolog\u00eda para diagramar campa\u00f1as preventivas compartidas.<\/p>\n","protected":false},"excerpt":{"rendered":"<p>Representantes de LALCEC San Pedro recibieron al Director de Atenci\u00f3n Primaria de la Salud Dr. Gabriel Sayago para establecer un plan de articulaci\u00f3n en las campa\u00f1as de prevenci\u00f3n oncol\u00f3gica que lleva adelante la organizaci\u00f3n con los Centros de Salud de la Municipalidad. Pablo Roca, Raquel Maffei, Emilia Paladini y Lucrecia Hern\u00e1ndez de LALCEC expresaron su [&hellip;]<\/p>\n","protected":false},"author":4,"featured_media":101604,"comment_status":"closed","ping_status":"closed","sticky":false,"template":"","format":"standard","meta":{"om_disable_all_campaigns":false,"_jetpack_memberships_contains_paid_content":false,"footnotes":""},"categories":[50,101,2],"tags":[],"class_list":["post-101603","post","type-post","status-publish","format-standard","has-post-thumbnail","hentry","category-destacadas","category-interes-general-locales","category-locales"],"aioseo_notices":[],"gutentor_comment":0,"jetpack_featured_media_url":"https:\/\/eldiariodesanpedro.com.ar\/sitio\/wp-content\/uploads\/2021\/11\/WhatsApp-Image-2021-11-17-at-16.08.37.jpeg","jetpack_shortlink":"https:\/\/wp.me\/p6RhLt-qqL","jetpack_sharing_enabled":true,"_links":{"self":[{"href":"https:\/\/eldiariodesanpedro.com.ar\/sitio\/wp-json\/wp\/v2\/posts\/101603","targetHints":{"allow":["GET"]}}],"collection":[{"href":"https:\/\/eldiariodesanpedro.com.ar\/sitio\/wp-json\/wp\/v2\/posts"}],"about":[{"href":"https:\/\/eldiariodesanpedro.com.ar\/sitio\/wp-json\/wp\/v2\/types\/post"}],"author":[{"embeddable":true,"href":"https:\/\/eldiariodesanpedro.com.ar\/sitio\/wp-json\/wp\/v2\/users\/4"}],"replies":[{"embeddable":true,"href":"https:\/\/eldiariodesanpedro.com.ar\/sitio\/wp-json\/wp\/v2\/comments?post=101603"}],"version-history":[{"count":1,"href":"https:\/\/eldiariodesanpedro.com.ar\/sitio\/wp-json\/wp\/v2\/posts\/101603\/revisions"}],"predecessor-version":[{"id":101605,"href":"https:\/\/eldiariodesanpedro.com.ar\/sitio\/wp-json\/wp\/v2\/posts\/101603\/revisions\/101605"}],"wp:featuredmedia":[{"embeddable":true,"href":"https:\/\/eldiariodesanpedro.com.ar\/sitio\/wp-json\/wp\/v2\/media\/101604"}],"wp:attachment":[{"href":"https:\/\/eldiariodesanpedro.com.ar\/sitio\/wp-json\/wp\/v2\/media?parent=101603"}],"wp:term":[{"taxonomy":"category","embeddable":true,"href":"https:\/\/eldiariodesanpedro.com.ar\/sitio\/wp-json\/wp\/v2\/categories?post=101603"},{"taxonomy":"post_tag","embeddable":true,"href":"https:\/\/eldiariodesanpedro.com.ar\/sitio\/wp-json\/wp\/v2\/tags?post=101603"}],"curies":[{"name":"wp","href":"https:\/\/api.w.org\/{rel}","templated":true}]}}