{"id":101600,"date":"2021-11-17T17:07:52","date_gmt":"2021-11-17T20:07:52","guid":{"rendered":"https:\/\/eldiariodesanpedro.com.ar\/sitio\/?p=101600"},"modified":"2021-11-17T17:07:58","modified_gmt":"2021-11-17T20:07:58","slug":"campana-de-promocion-de-salud-sexual-en-la-tosquera","status":"publish","type":"post","link":"https:\/\/eldiariodesanpedro.com.ar\/sitio\/campana-de-promocion-de-salud-sexual-en-la-tosquera\/","title":{"rendered":"Campa\u00f1a de promoci\u00f3n de salud sexual en La Tosquera"},"content":{"rendered":"<!-- VideographyWP Plugin Message: Automatic video embedding prevented by plugin options. -->\n\n<p>El equipo de la Secretar\u00eda de Salud junto con la Direcci\u00f3n de Atenci\u00f3n Primaria de la Salud y Cruz Roja filial San Pedro llevar\u00e1n a cabo un operativo de promoci\u00f3n de salud sexual ma\u00f1ana jueves 18 de noviembre a partir de las 9.00 horas en el Centro de Salud \u201cRosito\u201d de La Tosquera. Tambi\u00e9n se podr\u00e1 realizar la actualizaci\u00f3n de libreta y se aplicar\u00e1n vacunas del esquema obligatorio.<\/p>\n","protected":false},"excerpt":{"rendered":"<p>El equipo de la Secretar\u00eda de Salud junto con la Direcci\u00f3n de Atenci\u00f3n Primaria de la Salud y Cruz Roja filial San Pedro llevar\u00e1n a cabo un operativo de promoci\u00f3n de salud sexual ma\u00f1ana jueves 18 de noviembre a partir de las 9.00 horas en el Centro de Salud \u201cRosito\u201d de La Tosquera. Tambi\u00e9n se [&hellip;]<\/p>\n","protected":false},"author":4,"featured_media":101601,"comment_status":"closed","ping_status":"closed","sticky":false,"template":"","format":"standard","meta":{"om_disable_all_campaigns":false,"_jetpack_memberships_contains_paid_content":false,"footnotes":""},"categories":[50,101,2],"tags":[],"class_list":["post-101600","post","type-post","status-publish","format-standard","has-post-thumbnail","hentry","category-destacadas","category-interes-general-locales","category-locales"],"aioseo_notices":[],"gutentor_comment":0,"jetpack_featured_media_url":"https:\/\/eldiariodesanpedro.com.ar\/sitio\/wp-content\/uploads\/2021\/11\/acceso-a-mac.png","jetpack_shortlink":"https:\/\/wp.me\/p6RhLt-qqI","jetpack_sharing_enabled":true,"_links":{"self":[{"href":"https:\/\/eldiariodesanpedro.com.ar\/sitio\/wp-json\/wp\/v2\/posts\/101600","targetHints":{"allow":["GET"]}}],"collection":[{"href":"https:\/\/eldiariodesanpedro.com.ar\/sitio\/wp-json\/wp\/v2\/posts"}],"about":[{"href":"https:\/\/eldiariodesanpedro.com.ar\/sitio\/wp-json\/wp\/v2\/types\/post"}],"author":[{"embeddable":true,"href":"https:\/\/eldiariodesanpedro.com.ar\/sitio\/wp-json\/wp\/v2\/users\/4"}],"replies":[{"embeddable":true,"href":"https:\/\/eldiariodesanpedro.com.ar\/sitio\/wp-json\/wp\/v2\/comments?post=101600"}],"version-history":[{"count":1,"href":"https:\/\/eldiariodesanpedro.com.ar\/sitio\/wp-json\/wp\/v2\/posts\/101600\/revisions"}],"predecessor-version":[{"id":101602,"href":"https:\/\/eldiariodesanpedro.com.ar\/sitio\/wp-json\/wp\/v2\/posts\/101600\/revisions\/101602"}],"wp:featuredmedia":[{"embeddable":true,"href":"https:\/\/eldiariodesanpedro.com.ar\/sitio\/wp-json\/wp\/v2\/media\/101601"}],"wp:attachment":[{"href":"https:\/\/eldiariodesanpedro.com.ar\/sitio\/wp-json\/wp\/v2\/media?parent=101600"}],"wp:term":[{"taxonomy":"category","embeddable":true,"href":"https:\/\/eldiariodesanpedro.com.ar\/sitio\/wp-json\/wp\/v2\/categories?post=101600"},{"taxonomy":"post_tag","embeddable":true,"href":"https:\/\/eldiariodesanpedro.com.ar\/sitio\/wp-json\/wp\/v2\/tags?post=101600"}],"curies":[{"name":"wp","href":"https:\/\/api.w.org\/{rel}","templated":true}]}}