{"id":101594,"date":"2021-11-17T16:57:10","date_gmt":"2021-11-17T19:57:10","guid":{"rendered":"https:\/\/eldiariodesanpedro.com.ar\/sitio\/?p=101594"},"modified":"2021-11-17T16:57:12","modified_gmt":"2021-11-17T19:57:12","slug":"reunion-con-el-secretario-coordinador-del-consejo-provincial-de-educacion-y-trabajo","status":"publish","type":"post","link":"https:\/\/eldiariodesanpedro.com.ar\/sitio\/reunion-con-el-secretario-coordinador-del-consejo-provincial-de-educacion-y-trabajo\/","title":{"rendered":"Reuni\u00f3n con el Secretario Coordinador del Consejo Provincial de Educaci\u00f3n y Trabajo"},"content":{"rendered":"<!-- VideographyWP Plugin Message: Automatic video embedding prevented by plugin options. -->\n\n<p>El Intendente Municipal Cecilio Salazar recibi\u00f3 en su despacho al Secretario Coordinador del Consejo Provincial de Educaci\u00f3n y Trabajo, Prof. Alan Ocampo.<br>Durante la reuni\u00f3n se abordaron distintos temas vinculados al \u00e1mbito de trabajo del COPRET y se dise\u00f1\u00f3 un cronograma de trabajo conjunto que comenzar\u00e1 a plasmarse en la pr\u00f3xima Mesa Distrital, con los distintos actores de educaci\u00f3n y producci\u00f3n con el objetivo de seguir trabajando sobre las demandas educativas que reconozca las necesidades de los sectores productivos locales.<\/p>\n\n\n\n<p>El Consejo Provincial de Educaci\u00f3n y Trabajo es un organismo que promueve el di\u00e1logo entre los actores de la producci\u00f3n, la ciencia y la t\u00e9cnica; la Educaci\u00f3n T\u00e9cnico Profesional (ETP) y el mundo del trabajo para contribuir al desarrollo local, provincial y nacional. Es tambi\u00e9n un espacio de encuentro, participaci\u00f3n y concertaci\u00f3n estrat\u00e9gica para fortalecer las pol\u00edticas p\u00fablicas en la Formaci\u00f3n Laboral y la ETP en la Provincia de Buenos Aires.<\/p>\n\n\n\n<p><\/p>\n","protected":false},"excerpt":{"rendered":"<p>El Intendente Municipal Cecilio Salazar recibi\u00f3 en su despacho al Secretario Coordinador del Consejo Provincial de Educaci\u00f3n y Trabajo, Prof. Alan Ocampo.Durante la reuni\u00f3n se abordaron distintos temas vinculados al \u00e1mbito de trabajo del COPRET y se dise\u00f1\u00f3 un cronograma de trabajo conjunto que comenzar\u00e1 a plasmarse en la pr\u00f3xima Mesa Distrital, con los distintos [&hellip;]<\/p>\n","protected":false},"author":4,"featured_media":101595,"comment_status":"closed","ping_status":"closed","sticky":false,"template":"","format":"standard","meta":{"om_disable_all_campaigns":false,"_jetpack_memberships_contains_paid_content":false,"footnotes":""},"categories":[50,101,2],"tags":[],"class_list":["post-101594","post","type-post","status-publish","format-standard","has-post-thumbnail","hentry","category-destacadas","category-interes-general-locales","category-locales"],"aioseo_notices":[],"gutentor_comment":0,"jetpack_featured_media_url":"https:\/\/eldiariodesanpedro.com.ar\/sitio\/wp-content\/uploads\/2021\/11\/WhatsApp-Image-2021-11-17-at-14.58.32.jpeg","jetpack_shortlink":"https:\/\/wp.me\/p6RhLt-qqC","jetpack_sharing_enabled":true,"_links":{"self":[{"href":"https:\/\/eldiariodesanpedro.com.ar\/sitio\/wp-json\/wp\/v2\/posts\/101594","targetHints":{"allow":["GET"]}}],"collection":[{"href":"https:\/\/eldiariodesanpedro.com.ar\/sitio\/wp-json\/wp\/v2\/posts"}],"about":[{"href":"https:\/\/eldiariodesanpedro.com.ar\/sitio\/wp-json\/wp\/v2\/types\/post"}],"author":[{"embeddable":true,"href":"https:\/\/eldiariodesanpedro.com.ar\/sitio\/wp-json\/wp\/v2\/users\/4"}],"replies":[{"embeddable":true,"href":"https:\/\/eldiariodesanpedro.com.ar\/sitio\/wp-json\/wp\/v2\/comments?post=101594"}],"version-history":[{"count":1,"href":"https:\/\/eldiariodesanpedro.com.ar\/sitio\/wp-json\/wp\/v2\/posts\/101594\/revisions"}],"predecessor-version":[{"id":101596,"href":"https:\/\/eldiariodesanpedro.com.ar\/sitio\/wp-json\/wp\/v2\/posts\/101594\/revisions\/101596"}],"wp:featuredmedia":[{"embeddable":true,"href":"https:\/\/eldiariodesanpedro.com.ar\/sitio\/wp-json\/wp\/v2\/media\/101595"}],"wp:attachment":[{"href":"https:\/\/eldiariodesanpedro.com.ar\/sitio\/wp-json\/wp\/v2\/media?parent=101594"}],"wp:term":[{"taxonomy":"category","embeddable":true,"href":"https:\/\/eldiariodesanpedro.com.ar\/sitio\/wp-json\/wp\/v2\/categories?post=101594"},{"taxonomy":"post_tag","embeddable":true,"href":"https:\/\/eldiariodesanpedro.com.ar\/sitio\/wp-json\/wp\/v2\/tags?post=101594"}],"curies":[{"name":"wp","href":"https:\/\/api.w.org\/{rel}","templated":true}]}}