{"id":101592,"date":"2021-11-17T16:48:47","date_gmt":"2021-11-17T19:48:47","guid":{"rendered":"https:\/\/eldiariodesanpedro.com.ar\/sitio\/?p=101592"},"modified":"2021-11-17T16:48:49","modified_gmt":"2021-11-17T19:48:49","slug":"campana-de-prevencion-y-deteccion-de-cancer-de-piel-en-rio-tala-3","status":"publish","type":"post","link":"https:\/\/eldiariodesanpedro.com.ar\/sitio\/campana-de-prevencion-y-deteccion-de-cancer-de-piel-en-rio-tala-3\/","title":{"rendered":"Campa\u00f1a de prevenci\u00f3n y detecci\u00f3n de c\u00e1ncer de piel en R\u00edo Tala"},"content":{"rendered":"<!-- VideographyWP Plugin Message: Automatic video embedding prevented by plugin options. -->\n\n<p>La Secretar\u00eda de Salud, en conjunto con la Delegaci\u00f3n Municipal de R\u00edo Tala y la Direcci\u00f3n de Atenci\u00f3n Primaria de la Salud llevar\u00e1n a cabo una campa\u00f1a de prevenci\u00f3n y detecci\u00f3n de c\u00e1ncer de piel en la localidad de R\u00edo Tala.<\/p>\n\n\n\n<p>La campa\u00f1a se enfoca en la prevenci\u00f3n de esta afecci\u00f3n por lo que se invita a la poblaci\u00f3n acercarse a chequear manchas o lunares de forma gratuita en el Centro de Salud de la localidad el martes 23 de noviembre de 10 a 16 horas.<\/p>\n","protected":false},"excerpt":{"rendered":"<p>La Secretar\u00eda de Salud, en conjunto con la Delegaci\u00f3n Municipal de R\u00edo Tala y la Direcci\u00f3n de Atenci\u00f3n Primaria de la Salud llevar\u00e1n a cabo una campa\u00f1a de prevenci\u00f3n y detecci\u00f3n de c\u00e1ncer de piel en la localidad de R\u00edo Tala. La campa\u00f1a se enfoca en la prevenci\u00f3n de esta afecci\u00f3n por lo que se [&hellip;]<\/p>\n","protected":false},"author":4,"featured_media":101587,"comment_status":"closed","ping_status":"closed","sticky":false,"template":"","format":"standard","meta":{"om_disable_all_campaigns":false,"_jetpack_memberships_contains_paid_content":false,"footnotes":""},"categories":[101,2],"tags":[],"class_list":["post-101592","post","type-post","status-publish","format-standard","has-post-thumbnail","hentry","category-interes-general-locales","category-locales"],"aioseo_notices":[],"gutentor_comment":0,"jetpack_featured_media_url":"https:\/\/eldiariodesanpedro.com.ar\/sitio\/wp-content\/uploads\/2021\/11\/lunares-cancer-de-piel-campana-prevencion-cordoba.jpg","jetpack_shortlink":"https:\/\/wp.me\/p6RhLt-qqA","jetpack_sharing_enabled":true,"_links":{"self":[{"href":"https:\/\/eldiariodesanpedro.com.ar\/sitio\/wp-json\/wp\/v2\/posts\/101592","targetHints":{"allow":["GET"]}}],"collection":[{"href":"https:\/\/eldiariodesanpedro.com.ar\/sitio\/wp-json\/wp\/v2\/posts"}],"about":[{"href":"https:\/\/eldiariodesanpedro.com.ar\/sitio\/wp-json\/wp\/v2\/types\/post"}],"author":[{"embeddable":true,"href":"https:\/\/eldiariodesanpedro.com.ar\/sitio\/wp-json\/wp\/v2\/users\/4"}],"replies":[{"embeddable":true,"href":"https:\/\/eldiariodesanpedro.com.ar\/sitio\/wp-json\/wp\/v2\/comments?post=101592"}],"version-history":[{"count":1,"href":"https:\/\/eldiariodesanpedro.com.ar\/sitio\/wp-json\/wp\/v2\/posts\/101592\/revisions"}],"predecessor-version":[{"id":101593,"href":"https:\/\/eldiariodesanpedro.com.ar\/sitio\/wp-json\/wp\/v2\/posts\/101592\/revisions\/101593"}],"wp:featuredmedia":[{"embeddable":true,"href":"https:\/\/eldiariodesanpedro.com.ar\/sitio\/wp-json\/wp\/v2\/media\/101587"}],"wp:attachment":[{"href":"https:\/\/eldiariodesanpedro.com.ar\/sitio\/wp-json\/wp\/v2\/media?parent=101592"}],"wp:term":[{"taxonomy":"category","embeddable":true,"href":"https:\/\/eldiariodesanpedro.com.ar\/sitio\/wp-json\/wp\/v2\/categories?post=101592"},{"taxonomy":"post_tag","embeddable":true,"href":"https:\/\/eldiariodesanpedro.com.ar\/sitio\/wp-json\/wp\/v2\/tags?post=101592"}],"curies":[{"name":"wp","href":"https:\/\/api.w.org\/{rel}","templated":true}]}}