{"id":10158,"date":"2016-11-14T08:29:31","date_gmt":"2016-11-14T11:29:31","guid":{"rendered":"https:\/\/eldiariodesanpedro.com.ar\/sitio\/?p=10158"},"modified":"2016-11-14T08:29:31","modified_gmt":"2016-11-14T11:29:31","slug":"un-joven-de-24-anos-asesinado-en-el-boliche-napole","status":"publish","type":"post","link":"https:\/\/eldiariodesanpedro.com.ar\/sitio\/un-joven-de-24-anos-asesinado-en-el-boliche-napole\/","title":{"rendered":"Un joven de 24 a\u00f1os asesinado en el boliche Napole"},"content":{"rendered":"<p><!-- VideographyWP Plugin Message: Automatic video embedding prevented by plugin options. --><br \/>\nEn la madrugada de hoy,  alrededor de las 4:00 se produjo un hecho de violencia que se cobro la vida de una persona dentro del local bailable Napole que se encuentra en calle Mitre y casi 3 de febrero. El asesinato se produjo durante una ri\u00f1a en la cual 3 j\u00f3venes oriundos de Ramos Mej\u00eda fueron apu\u00f1alados uno de 32 a\u00f1os con una herida en el pecho, otro joven de 20 a\u00f1os con una herida en la axila y el \u00faltimo de 24 a\u00f1os de edad quien recibido un puntazo penetrante en el t\u00f3rax debajo de la tetilla izquierda adem\u00e1s que minutos despu\u00e9s el mismo sufrir\u00eda un paro card\u00edaco, este joven falleci\u00f3 horas m\u00e1s tarde en el nosomomio local.<\/p>\n<p>En la investigaci\u00f3n del hecho se encuentra trabajando la UFI N\u00b05 para tratar de determinar a el autor del asesinato.<\/p>\n","protected":false},"excerpt":{"rendered":"<p>En la madrugada de hoy, alrededor de las 4:00 se produjo un hecho de violencia que se cobro la vida de una persona dentro del local bailable Napole que se encuentra en calle Mitre y casi 3 de febrero. El asesinato se produjo durante una ri\u00f1a en la cual 3 j\u00f3venes oriundos de Ramos Mej\u00eda [&hellip;]<\/p>\n","protected":false},"author":4,"featured_media":10159,"comment_status":"open","ping_status":"closed","sticky":false,"template":"","format":"standard","meta":{"om_disable_all_campaigns":false,"_jetpack_memberships_contains_paid_content":false,"footnotes":""},"categories":[50,2,103],"tags":[],"class_list":["post-10158","post","type-post","status-publish","format-standard","has-post-thumbnail","hentry","category-destacadas","category-locales","category-policiales-locales"],"aioseo_notices":[],"gutentor_comment":0,"jetpack_featured_media_url":"https:\/\/eldiariodesanpedro.com.ar\/sitio\/wp-content\/uploads\/2016\/11\/IMG-20161114-WA0000.jpg","jetpack_shortlink":"https:\/\/wp.me\/p6RhLt-2DQ","jetpack_sharing_enabled":true,"_links":{"self":[{"href":"https:\/\/eldiariodesanpedro.com.ar\/sitio\/wp-json\/wp\/v2\/posts\/10158","targetHints":{"allow":["GET"]}}],"collection":[{"href":"https:\/\/eldiariodesanpedro.com.ar\/sitio\/wp-json\/wp\/v2\/posts"}],"about":[{"href":"https:\/\/eldiariodesanpedro.com.ar\/sitio\/wp-json\/wp\/v2\/types\/post"}],"author":[{"embeddable":true,"href":"https:\/\/eldiariodesanpedro.com.ar\/sitio\/wp-json\/wp\/v2\/users\/4"}],"replies":[{"embeddable":true,"href":"https:\/\/eldiariodesanpedro.com.ar\/sitio\/wp-json\/wp\/v2\/comments?post=10158"}],"version-history":[{"count":1,"href":"https:\/\/eldiariodesanpedro.com.ar\/sitio\/wp-json\/wp\/v2\/posts\/10158\/revisions"}],"predecessor-version":[{"id":10160,"href":"https:\/\/eldiariodesanpedro.com.ar\/sitio\/wp-json\/wp\/v2\/posts\/10158\/revisions\/10160"}],"wp:featuredmedia":[{"embeddable":true,"href":"https:\/\/eldiariodesanpedro.com.ar\/sitio\/wp-json\/wp\/v2\/media\/10159"}],"wp:attachment":[{"href":"https:\/\/eldiariodesanpedro.com.ar\/sitio\/wp-json\/wp\/v2\/media?parent=10158"}],"wp:term":[{"taxonomy":"category","embeddable":true,"href":"https:\/\/eldiariodesanpedro.com.ar\/sitio\/wp-json\/wp\/v2\/categories?post=10158"},{"taxonomy":"post_tag","embeddable":true,"href":"https:\/\/eldiariodesanpedro.com.ar\/sitio\/wp-json\/wp\/v2\/tags?post=10158"}],"curies":[{"name":"wp","href":"https:\/\/api.w.org\/{rel}","templated":true}]}}