{"id":101577,"date":"2021-11-17T09:45:48","date_gmt":"2021-11-17T12:45:48","guid":{"rendered":"https:\/\/eldiariodesanpedro.com.ar\/sitio\/?p=101577"},"modified":"2021-11-17T09:45:51","modified_gmt":"2021-11-17T12:45:51","slug":"29-y-30-de-noviembre-censo-sanitario-y-asistencia-a-familias-en-zona-de-islas","status":"publish","type":"post","link":"https:\/\/eldiariodesanpedro.com.ar\/sitio\/29-y-30-de-noviembre-censo-sanitario-y-asistencia-a-familias-en-zona-de-islas\/","title":{"rendered":"29 y 30 de noviembre, censo sanitario y asistencia a familias en zona de islas"},"content":{"rendered":"<!-- VideographyWP Plugin Message: Automatic video embedding prevented by plugin options. -->\n\n<p>En la Liga Deportiva Sampedrina se reunieron el dia de ayer representantes de Cruz Roja, las direcciones de Atenci\u00f3n Primaria de la Salud de San Pedro y Baradero y la Secretar\u00eda de Desarrollo Humano para planificar el censo sanitario que se realizar\u00e1 en la zona de islas, los pr\u00f3ximos 29 y 30 de noviembre.<\/p>\n\n\n\n<p>Luego del recorrido efectuado la semana pasada, se ha coordinado con Regi\u00f3n Sanitaria IV la realizaci\u00f3n de este relevamiento, casa por casa, desde la zona de Vuelta de Obligado hasta Los Laureles, estableciendo una base operativa en la escuela del paraje isle\u00f1o.<\/p>\n\n\n\n<p>La informaci\u00f3n recogida en la visita anterior ha servido de base para la coordinaci\u00f3n conjunta de las \u00e1reas sanitarias, Cruz Roja y la Secretar\u00eda de Desarrollo Humano para que adem\u00e1s de relevar nuevos datos, se brinde asistencia general a las familias que viven en esa zona, completando calendarios de vacunaci\u00f3n y evaluando su situaci\u00f3n general con un contacto directo.<\/p>\n","protected":false},"excerpt":{"rendered":"<p>En la Liga Deportiva Sampedrina se reunieron el dia de ayer representantes de Cruz Roja, las direcciones de Atenci\u00f3n Primaria de la Salud de San Pedro y Baradero y la Secretar\u00eda de Desarrollo Humano para planificar el censo sanitario que se realizar\u00e1 en la zona de islas, los pr\u00f3ximos 29 y 30 de noviembre. Luego [&hellip;]<\/p>\n","protected":false},"author":4,"featured_media":101578,"comment_status":"closed","ping_status":"closed","sticky":false,"template":"","format":"standard","meta":{"om_disable_all_campaigns":false,"_jetpack_memberships_contains_paid_content":false,"footnotes":""},"categories":[50,101,2],"tags":[],"class_list":["post-101577","post","type-post","status-publish","format-standard","has-post-thumbnail","hentry","category-destacadas","category-interes-general-locales","category-locales"],"aioseo_notices":[],"gutentor_comment":0,"jetpack_featured_media_url":"https:\/\/eldiariodesanpedro.com.ar\/sitio\/wp-content\/uploads\/2021\/11\/WhatsApp-Image-2021-11-17-at-07.40.51.jpeg","jetpack_shortlink":"https:\/\/wp.me\/p6RhLt-qql","jetpack_sharing_enabled":true,"_links":{"self":[{"href":"https:\/\/eldiariodesanpedro.com.ar\/sitio\/wp-json\/wp\/v2\/posts\/101577","targetHints":{"allow":["GET"]}}],"collection":[{"href":"https:\/\/eldiariodesanpedro.com.ar\/sitio\/wp-json\/wp\/v2\/posts"}],"about":[{"href":"https:\/\/eldiariodesanpedro.com.ar\/sitio\/wp-json\/wp\/v2\/types\/post"}],"author":[{"embeddable":true,"href":"https:\/\/eldiariodesanpedro.com.ar\/sitio\/wp-json\/wp\/v2\/users\/4"}],"replies":[{"embeddable":true,"href":"https:\/\/eldiariodesanpedro.com.ar\/sitio\/wp-json\/wp\/v2\/comments?post=101577"}],"version-history":[{"count":1,"href":"https:\/\/eldiariodesanpedro.com.ar\/sitio\/wp-json\/wp\/v2\/posts\/101577\/revisions"}],"predecessor-version":[{"id":101579,"href":"https:\/\/eldiariodesanpedro.com.ar\/sitio\/wp-json\/wp\/v2\/posts\/101577\/revisions\/101579"}],"wp:featuredmedia":[{"embeddable":true,"href":"https:\/\/eldiariodesanpedro.com.ar\/sitio\/wp-json\/wp\/v2\/media\/101578"}],"wp:attachment":[{"href":"https:\/\/eldiariodesanpedro.com.ar\/sitio\/wp-json\/wp\/v2\/media?parent=101577"}],"wp:term":[{"taxonomy":"category","embeddable":true,"href":"https:\/\/eldiariodesanpedro.com.ar\/sitio\/wp-json\/wp\/v2\/categories?post=101577"},{"taxonomy":"post_tag","embeddable":true,"href":"https:\/\/eldiariodesanpedro.com.ar\/sitio\/wp-json\/wp\/v2\/tags?post=101577"}],"curies":[{"name":"wp","href":"https:\/\/api.w.org\/{rel}","templated":true}]}}