{"id":101574,"date":"2021-11-17T09:42:56","date_gmt":"2021-11-17T12:42:56","guid":{"rendered":"https:\/\/eldiariodesanpedro.com.ar\/sitio\/?p=101574"},"modified":"2021-11-17T09:42:58","modified_gmt":"2021-11-17T12:42:58","slug":"actividades-por-el-fin-de-semana-de-la-soberania-en-san-pedro-y-localidades","status":"publish","type":"post","link":"https:\/\/eldiariodesanpedro.com.ar\/sitio\/actividades-por-el-fin-de-semana-de-la-soberania-en-san-pedro-y-localidades\/","title":{"rendered":"Actividades por el fin de semana de la Soberan\u00eda en San Pedro y localidades"},"content":{"rendered":"<!-- VideographyWP Plugin Message: Automatic video embedding prevented by plugin options. -->\n\n<p>La Secretaria de Turismo y Cultura Marcela Cu\u00f1er present\u00f3 en el d\u00eda de hoy durante una conferencia de prensa en la casona de turismo las actividades que se llevar\u00e1n a cabo durante el pr\u00f3ximo fin de semana en el que se festeja el d\u00eda de la Soberan\u00eda Nacional en conmemoraci\u00f3n de la Batalla de Obligado junto al Director de Tr\u00e1nsito Luis Caram\u00fan y los organizadores de las diferentes actividades.<\/p>\n\n\n\n<p>Sin confirmar la presencia de Naci\u00f3n en las actividades que se llevar\u00e1n a cabo en Vuelta de Obligado, la Secretaria de Turismo Marcela Cu\u00f1er present\u00f3 las actividades que se desarrollar\u00e1n desde las 10 de la ma\u00f1ana del d\u00eda s\u00e1bado 20 de noviembre en la localidad donde tendr\u00e1 lugar el acto protocolar por la Batalla de Obligado que contar\u00e1 con un desfile institucional, ballet folcl\u00f3rico y una obra de teatro referida a los eventos ocurridos el 20 de noviembre de 1845.<\/p>\n\n\n\n<p>En cuanto a las actividades tur\u00edsticas y culturales organizadas con distintas instituciones y trabajadas en conjunto con la Comisi\u00f3n de Eventos, se desarrollar\u00e1 en Vuelta de Obligado la \u00abpe\u00f1a de la soberan\u00eda\u00bb el s\u00e1bado 20 de noviembre desde las 18 hs. en la plaza Santiago Moreira llevado a cabo por la Subdelegaci\u00f3n Municipal y la comisi\u00f3n de Fomento de la localidad; tambi\u00e9n se realizar\u00e1 una pe\u00f1a en Bajo Tala a partir de las 20 hs llevado a cabo por la Delegaci\u00f3n de R\u00edo Tala en conjunto con la Directora de Comisiones de Fomento Ines Mario; el Centro de Estudios Hist\u00f3ricos llevar\u00e1 adelante el 5\u00b0 ciclo cultural de la soberan\u00eda y la inauguraci\u00f3n de un monolito en el \u201cAlmac\u00e9n Beladrich\u201d; en Santa Luc\u00eda comienza la semana de la juventud y durante todo el fin de semana se llevar\u00e1 a cabo la Feria de las Artes en plaza Constituci\u00f3n y el Encuentro Norte\u00f1o en el Paseo P\u00fablico los d\u00edas 20, 21 y 22 de noviembre.<\/p>\n\n\n\n<p>Agenda:<\/p>\n\n\n\n<p>S\u00e1bado 20 de noviembre:<br>10.00 hs. Acto protocolar por la Batalla de Vuelta de Obligado<br>Feria de las Artes en Plaza Constituci\u00f3n<br>15.00 hs. Macarena Fest Vol. 2 Homenaje a Juan Jos\u00e9 D\u00b4Estefano en Juan Ismael Jimenez 1600<br>15.30 hs. Encuentro Norte\u00f1o en Paseo P\u00fablico<br>18.00 hs. Pe\u00f1a de la soberan\u00eda en Plaza Santiago Moreira Vuelta de Obligado<br>20.00 hs. 1\u00b0 Pe\u00f1a en Bajo Tala<br>19.00 hs. Muestra colectiva de arte sampedrino en el museo hist\u00f3rico \u201cFray Jos\u00e9 Mar\u00eda Bottaro\u201d<br>21.30 hs. Obra de teatro \u201cTercer Cuerpo\u201d en Sala Cuarta Pared<br>Torneo ciudad de San Pedro, copa Vuelta de Obligado en el San Pedro Golf Club<\/p>\n\n\n\n<p>Domingo 21 de noviembre:<br>Encuentro Norte\u00f1o en el Paseo P\u00fablico<br>Feria de las Artes en Plaza Constituci\u00f3n<br>Torneo ciudad de San Pedro, copa Vuelta de Obligado en el San Pedro Golf Club<br>Picodromo de San Pedro fecha 16<br>12.00 hs. Inauguraci\u00f3n de monolito \u201cAlmac\u00e9n Beladrich\u201d en paraje Beladrich<br>19.00 Hs 11 Vuelta de Obligado 3\u00b0 corrida 7K &#8211; 3.5K<br>Marat\u00f3n Acu\u00e1tica San Pedro 2021 8Km \u2013 3Km en Club N\u00e1utico San Pedro<\/p>\n\n\n\n<p>Lunes 22 de noviembre:<br>Encuentro Norte\u00f1o en Paseo P\u00fablico<br>Feria de las Artes en Plaza Constituci\u00f3n<br>Torneo ciudad de San Pedro, copa Vuelta de Obligado<\/p>\n","protected":false},"excerpt":{"rendered":"<p>La Secretaria de Turismo y Cultura Marcela Cu\u00f1er present\u00f3 en el d\u00eda de hoy durante una conferencia de prensa en la casona de turismo las actividades que se llevar\u00e1n a cabo durante el pr\u00f3ximo fin de semana en el que se festeja el d\u00eda de la Soberan\u00eda Nacional en conmemoraci\u00f3n de la Batalla de Obligado [&hellip;]<\/p>\n","protected":false},"author":4,"featured_media":101575,"comment_status":"closed","ping_status":"closed","sticky":false,"template":"","format":"standard","meta":{"om_disable_all_campaigns":false,"_jetpack_memberships_contains_paid_content":false,"footnotes":""},"categories":[50,101,2],"tags":[],"class_list":["post-101574","post","type-post","status-publish","format-standard","has-post-thumbnail","hentry","category-destacadas","category-interes-general-locales","category-locales"],"aioseo_notices":[],"gutentor_comment":0,"jetpack_featured_media_url":"https:\/\/eldiariodesanpedro.com.ar\/sitio\/wp-content\/uploads\/2021\/11\/WhatsApp-Image-2021-11-16-at-16.58.40.jpeg","jetpack_shortlink":"https:\/\/wp.me\/p6RhLt-qqi","jetpack_sharing_enabled":true,"_links":{"self":[{"href":"https:\/\/eldiariodesanpedro.com.ar\/sitio\/wp-json\/wp\/v2\/posts\/101574","targetHints":{"allow":["GET"]}}],"collection":[{"href":"https:\/\/eldiariodesanpedro.com.ar\/sitio\/wp-json\/wp\/v2\/posts"}],"about":[{"href":"https:\/\/eldiariodesanpedro.com.ar\/sitio\/wp-json\/wp\/v2\/types\/post"}],"author":[{"embeddable":true,"href":"https:\/\/eldiariodesanpedro.com.ar\/sitio\/wp-json\/wp\/v2\/users\/4"}],"replies":[{"embeddable":true,"href":"https:\/\/eldiariodesanpedro.com.ar\/sitio\/wp-json\/wp\/v2\/comments?post=101574"}],"version-history":[{"count":1,"href":"https:\/\/eldiariodesanpedro.com.ar\/sitio\/wp-json\/wp\/v2\/posts\/101574\/revisions"}],"predecessor-version":[{"id":101576,"href":"https:\/\/eldiariodesanpedro.com.ar\/sitio\/wp-json\/wp\/v2\/posts\/101574\/revisions\/101576"}],"wp:featuredmedia":[{"embeddable":true,"href":"https:\/\/eldiariodesanpedro.com.ar\/sitio\/wp-json\/wp\/v2\/media\/101575"}],"wp:attachment":[{"href":"https:\/\/eldiariodesanpedro.com.ar\/sitio\/wp-json\/wp\/v2\/media?parent=101574"}],"wp:term":[{"taxonomy":"category","embeddable":true,"href":"https:\/\/eldiariodesanpedro.com.ar\/sitio\/wp-json\/wp\/v2\/categories?post=101574"},{"taxonomy":"post_tag","embeddable":true,"href":"https:\/\/eldiariodesanpedro.com.ar\/sitio\/wp-json\/wp\/v2\/tags?post=101574"}],"curies":[{"name":"wp","href":"https:\/\/api.w.org\/{rel}","templated":true}]}}