{"id":101568,"date":"2021-11-17T09:32:42","date_gmt":"2021-11-17T12:32:42","guid":{"rendered":"https:\/\/eldiariodesanpedro.com.ar\/sitio\/?p=101568"},"modified":"2021-11-17T09:32:46","modified_gmt":"2021-11-17T12:32:46","slug":"descubren-en-san-pedro-restos-de-una-rara-y-desconocida-especie-de-mamifero-fosil","status":"publish","type":"post","link":"https:\/\/eldiariodesanpedro.com.ar\/sitio\/descubren-en-san-pedro-restos-de-una-rara-y-desconocida-especie-de-mamifero-fosil\/","title":{"rendered":"Descubren en San Pedro restos de una rara y desconocida especie de mam\u00edfero f\u00f3sil"},"content":{"rendered":"<!-- VideographyWP Plugin Message: Automatic video embedding prevented by plugin options. -->\n\n<p>Es un animal totalmente desconocido para la ciencia. Vivi\u00f3 hace m\u00e1s de 500.000 a\u00f1os y fue hallado por el equipo del Museo Paleontol\u00f3gico \u201cFray Manuel de Torres\u201d a 4 kil\u00f3metros de la ciudad.<\/p>\n\n\n\n<p>Los restos fosilizados de un enigm\u00e1tico animal relacionado con los actuales armadillos, perezosos y osos hormigueros fueron recuperados en una cantera cercana a la ciudad de San Pedro, a 160 kil\u00f3metros de Buenos Aires. El f\u00f3sil fue descubierto por el Grupo Conservacionista de F\u00f3siles, equipo que conduce el Museo Paleontol\u00f3gico \u201cFray Manuel de Torres\u201d, de la mencionada localidad bonaerense.<\/p>\n\n\n\n<p>Todo comenz\u00f3 hace unos a\u00f1os cuando, en una exploraci\u00f3n de rutina, los integrantes del museo recorr\u00edan una cantera de extracci\u00f3n de tosca propiedad de la firma \u201cTosquera San Pedro\u201d. All\u00ed, en una dura capa de sedimentos depositados en un per\u00edodo comprendido entre los 500.000 y 700.000 a\u00f1os atr\u00e1s, observaron fragmentos de huesos fosilizados de color negro aflorando entre las rocas.<\/p>\n\n\n\n<p>\u201cAl final de la jornada hab\u00edamos logrado recuperar una cintura p\u00e9lvica parcialmente conservada junto a dos v\u00e9rtebras de la columna adheridas por el sedimento y algunos fragmentos costales. Despu\u00e9s de la limpieza en el laboratorio y las primeras observaciones, comenzamos a ver que era una pelvis que, por sus dimensiones y caracter\u00edsticas, se pod\u00eda corresponder solamente con la de ciertos xenartros prehist\u00f3ricos cuyo tama\u00f1o rondaba el metro de longitud y su masa corporal estaba en el orden de los 60 kilogramos. Los xenartros son un gran grupo al que pertenecen los armadillos, gliptodontes, perezosos y osos hormigueros; tanto f\u00f3siles como actuales. Sin embargo, a pesar de que la morfolog\u00eda de sus pelvis es bastante diagn\u00f3stica en este grupo de mam\u00edferos, el aspecto general era muy diferente a la de todos los g\u00e9neros conocidos\u201d, explica Jos\u00e9 Luis Aguilar, Director del museo y la persona que divis\u00f3 el f\u00f3sil por primera vez.<br>\u201cLas piezas fosilizadas est\u00e1n bien mineralizadas y presentan una coloraci\u00f3n oscura, muy t\u00edpica de los f\u00f3siles de esta zona que provienen de sedimentos muy antiguos, como estos que se formaron durante la edad Ensenadense\u201d, detalla desde el museo.<br>\u201cLos f\u00f3siles de este animal desconocido provienen de una capa de sedimentos ubicada a unos 8 metros de profundidad del nivel de suelo actual. En esa \u00e9poca, la zona estuvo dominada por pantanos costeros que fueron habitados por animales que, seg\u00fan lo que observamos de los espec\u00edmenes recolectados a lo largo de estos a\u00f1os, presentan caracter\u00edsticas que los hacen particulares. Una fauna muy interesante. En algunos casos, con especies \u00fanicas como Archaeomylodon sampedrinensis, otro curioso animal encontrado en ese lugar en 2009\u201d, comenta el integrante del museo de San Pedro.<\/p>\n\n\n\n<p>UN ANIMAL DESCONOCIDO HASTA HOY<\/p>\n\n\n\n<p>El Dr. Alfredo Carlini, del Laboratorio de Morfolog\u00eda Evolutiva y Desarrollo (MORPHOS) de la Facultad de Ciencias Naturales y Museo (UNLP) e investigador del CONICET, fue el encargado de realizar las comparaciones con ejemplares de diferentes colecciones del pa\u00eds y del extranjero.<br>Seg\u00fan sus primeras apreciaciones \u201cSe trata seguramente de una nueva especie de un grupo de mam\u00edferos aut\u00f3ctonos sudamericanos, que tiene sus registros m\u00e1s antiguos alrededor de los 50 millones de a\u00f1os atr\u00e1s y que, a lo largo de su evoluci\u00f3n se ha diferenciado en m\u00e1s de 400 especies, la mayor\u00eda extinguidas. Los xenartros tienen caracter\u00edsticas muy distintivas en su esqueleto, alguna de las cuales se pueden apreciar en esta cintura p\u00e9lvica fosilizada que estamos estudiando. A pesar de ello, esta cintura es tan peculiar que al momento es dif\u00edcil definir con certeza sus afinidades o lazos m\u00e1s concretos con alguno de los tres principales grupos de xenartros conocidos: los acorazados (armadillos, gliptodontes, etc.), los perezosos (megaterios, milodontes, perezosos arb\u00f3reos, etc.) o los vermilinguos (osos hormigueros, tamand\u00faas, serafines). En este momento nos encontramos estudiando y comparando este f\u00f3sil con otros de numerosas colecciones. Este extraordinario material ser\u00e1 dado a conocer a la comunidad cient\u00edfica internacional en breve.\u201d<\/p>\n\n\n\n<figure class=\"wp-block-image size-large\"><img decoding=\"async\" width=\"1024\" height=\"768\" data-attachment-id=\"101569\" data-permalink=\"https:\/\/eldiariodesanpedro.com.ar\/sitio\/descubren-en-san-pedro-restos-de-una-rara-y-desconocida-especie-de-mamifero-fosil\/excavacion\/\" data-orig-file=\"https:\/\/eldiariodesanpedro.com.ar\/sitio\/wp-content\/uploads\/2021\/11\/EXCAVACION.jpg\" data-orig-size=\"1031,773\" data-comments-opened=\"0\" data-image-meta=\"{&quot;aperture&quot;:&quot;8&quot;,&quot;credit&quot;:&quot;&quot;,&quot;camera&quot;:&quot;DSC-W830&quot;,&quot;caption&quot;:&quot;&quot;,&quot;created_timestamp&quot;:&quot;1606137929&quot;,&quot;copyright&quot;:&quot;&quot;,&quot;focal_length&quot;:&quot;4.5&quot;,&quot;iso&quot;:&quot;80&quot;,&quot;shutter_speed&quot;:&quot;0.004&quot;,&quot;title&quot;:&quot;&quot;,&quot;orientation&quot;:&quot;1&quot;}\" data-image-title=\"EXCAVACI\u00d3N\" data-image-description=\"\" data-image-caption=\"\" data-large-file=\"https:\/\/eldiariodesanpedro.com.ar\/sitio\/wp-content\/uploads\/2021\/11\/EXCAVACION-1024x768.jpg\" data-src=\"https:\/\/eldiariodesanpedro.com.ar\/sitio\/wp-content\/uploads\/2021\/11\/EXCAVACION-1024x768.jpg\" alt=\"\" class=\"wp-image-101569 lazyload\" data-srcset=\"https:\/\/eldiariodesanpedro.com.ar\/sitio\/wp-content\/uploads\/2021\/11\/EXCAVACION-1024x768.jpg 1024w, https:\/\/eldiariodesanpedro.com.ar\/sitio\/wp-content\/uploads\/2021\/11\/EXCAVACION-300x225.jpg 300w, https:\/\/eldiariodesanpedro.com.ar\/sitio\/wp-content\/uploads\/2021\/11\/EXCAVACION-768x576.jpg 768w, https:\/\/eldiariodesanpedro.com.ar\/sitio\/wp-content\/uploads\/2021\/11\/EXCAVACION-500x375.jpg 500w, https:\/\/eldiariodesanpedro.com.ar\/sitio\/wp-content\/uploads\/2021\/11\/EXCAVACION.jpg 1031w\" data-sizes=\"(max-width: 1024px) 100vw, 1024px\" src=\"data:image\/svg+xml;base64,PHN2ZyB3aWR0aD0iMSIgaGVpZ2h0PSIxIiB4bWxucz0iaHR0cDovL3d3dy53My5vcmcvMjAwMC9zdmciPjwvc3ZnPg==\" style=\"--smush-placeholder-width: 1024px; --smush-placeholder-aspect-ratio: 1024\/768;\" \/><\/figure>\n","protected":false},"excerpt":{"rendered":"<p>Es un animal totalmente desconocido para la ciencia. Vivi\u00f3 hace m\u00e1s de 500.000 a\u00f1os y fue hallado por el equipo del Museo Paleontol\u00f3gico \u201cFray Manuel de Torres\u201d a 4 kil\u00f3metros de la ciudad. Los restos fosilizados de un enigm\u00e1tico animal relacionado con los actuales armadillos, perezosos y osos hormigueros fueron recuperados en una cantera cercana [&hellip;]<\/p>\n","protected":false},"author":4,"featured_media":101570,"comment_status":"closed","ping_status":"closed","sticky":false,"template":"","format":"standard","meta":{"om_disable_all_campaigns":false,"_jetpack_memberships_contains_paid_content":false,"footnotes":""},"categories":[50,101,2],"tags":[],"class_list":["post-101568","post","type-post","status-publish","format-standard","has-post-thumbnail","hentry","category-destacadas","category-interes-general-locales","category-locales"],"aioseo_notices":[],"gutentor_comment":0,"jetpack_featured_media_url":"https:\/\/eldiariodesanpedro.com.ar\/sitio\/wp-content\/uploads\/2021\/11\/PELVIS-HALLADA.jpg","jetpack_shortlink":"https:\/\/wp.me\/p6RhLt-qqc","jetpack_sharing_enabled":true,"_links":{"self":[{"href":"https:\/\/eldiariodesanpedro.com.ar\/sitio\/wp-json\/wp\/v2\/posts\/101568","targetHints":{"allow":["GET"]}}],"collection":[{"href":"https:\/\/eldiariodesanpedro.com.ar\/sitio\/wp-json\/wp\/v2\/posts"}],"about":[{"href":"https:\/\/eldiariodesanpedro.com.ar\/sitio\/wp-json\/wp\/v2\/types\/post"}],"author":[{"embeddable":true,"href":"https:\/\/eldiariodesanpedro.com.ar\/sitio\/wp-json\/wp\/v2\/users\/4"}],"replies":[{"embeddable":true,"href":"https:\/\/eldiariodesanpedro.com.ar\/sitio\/wp-json\/wp\/v2\/comments?post=101568"}],"version-history":[{"count":1,"href":"https:\/\/eldiariodesanpedro.com.ar\/sitio\/wp-json\/wp\/v2\/posts\/101568\/revisions"}],"predecessor-version":[{"id":101571,"href":"https:\/\/eldiariodesanpedro.com.ar\/sitio\/wp-json\/wp\/v2\/posts\/101568\/revisions\/101571"}],"wp:featuredmedia":[{"embeddable":true,"href":"https:\/\/eldiariodesanpedro.com.ar\/sitio\/wp-json\/wp\/v2\/media\/101570"}],"wp:attachment":[{"href":"https:\/\/eldiariodesanpedro.com.ar\/sitio\/wp-json\/wp\/v2\/media?parent=101568"}],"wp:term":[{"taxonomy":"category","embeddable":true,"href":"https:\/\/eldiariodesanpedro.com.ar\/sitio\/wp-json\/wp\/v2\/categories?post=101568"},{"taxonomy":"post_tag","embeddable":true,"href":"https:\/\/eldiariodesanpedro.com.ar\/sitio\/wp-json\/wp\/v2\/tags?post=101568"}],"curies":[{"name":"wp","href":"https:\/\/api.w.org\/{rel}","templated":true}]}}