{"id":101563,"date":"2021-11-16T16:49:01","date_gmt":"2021-11-16T19:49:01","guid":{"rendered":"https:\/\/eldiariodesanpedro.com.ar\/sitio\/?p=101563"},"modified":"2021-11-16T16:49:04","modified_gmt":"2021-11-16T19:49:04","slug":"las-areas-municipales-comienzan-a-trabajar-en-los-consultorios-amigables","status":"publish","type":"post","link":"https:\/\/eldiariodesanpedro.com.ar\/sitio\/las-areas-municipales-comienzan-a-trabajar-en-los-consultorios-amigables\/","title":{"rendered":"Las \u00e1reas municipales comienzan a trabajar en los \u00abconsultorios amigables\u00bb"},"content":{"rendered":"<!-- VideographyWP Plugin Message: Automatic video embedding prevented by plugin options. -->\n\n<p>Avanzando en la planificaci\u00f3n conjunta que comenz\u00f3 en agosto entre la Secretar\u00eda de Salud y la Subsecretar\u00eda de Pol\u00edticas de G\u00e9nero, Mujeres y Diversidad, hoy se reunieron en las oficinas de Salta y San Mart\u00edn representantes del \u00e1rea, con el Director de Atenci\u00f3n Primaria de la Salud, Dr. Gabriel Sayago.<\/p>\n\n\n\n<p>El objetivo es la implementaci\u00f3n en todo el Partido de San Pedro de los Consultorios Amigables (CA), creados para brindar prevenci\u00f3n, diagn\u00f3stico y atenci\u00f3n integral de la salud de la poblaci\u00f3n LGBT.<\/p>\n\n\n\n<p>Los funcionarios del equipo de la subsecretar\u00eda definieron que desde una fecha pr\u00f3xima a confirmar los consultorios funcionaran en horario vespertino en el CIC con enfermer\u00eda, cl\u00ednica m\u00e9dica, ginecolog\u00eda y psicolog\u00eda.<\/p>\n\n\n\n<p>Para comenzar con esta atenci\u00f3n se trabaja en la capacitaci\u00f3n del personal y la adaptaci\u00f3n de los espacios para que se cumplan todos los objetivos.<\/p>\n\n\n\n<p>En una pr\u00f3xima reuni\u00f3n se definir\u00e1n mayores detalles y la fecha de comienzo de la atenci\u00f3n.<\/p>\n","protected":false},"excerpt":{"rendered":"<p>Avanzando en la planificaci\u00f3n conjunta que comenz\u00f3 en agosto entre la Secretar\u00eda de Salud y la Subsecretar\u00eda de Pol\u00edticas de G\u00e9nero, Mujeres y Diversidad, hoy se reunieron en las oficinas de Salta y San Mart\u00edn representantes del \u00e1rea, con el Director de Atenci\u00f3n Primaria de la Salud, Dr. Gabriel Sayago. El objetivo es la implementaci\u00f3n [&hellip;]<\/p>\n","protected":false},"author":4,"featured_media":101564,"comment_status":"closed","ping_status":"closed","sticky":false,"template":"","format":"standard","meta":{"om_disable_all_campaigns":false,"_jetpack_memberships_contains_paid_content":false,"footnotes":""},"categories":[50,101,2],"tags":[],"class_list":["post-101563","post","type-post","status-publish","format-standard","has-post-thumbnail","hentry","category-destacadas","category-interes-general-locales","category-locales"],"aioseo_notices":[],"gutentor_comment":0,"jetpack_featured_media_url":"https:\/\/eldiariodesanpedro.com.ar\/sitio\/wp-content\/uploads\/2021\/11\/Sin-titulo-1.jpg","jetpack_shortlink":"https:\/\/wp.me\/p6RhLt-qq7","jetpack_sharing_enabled":true,"_links":{"self":[{"href":"https:\/\/eldiariodesanpedro.com.ar\/sitio\/wp-json\/wp\/v2\/posts\/101563","targetHints":{"allow":["GET"]}}],"collection":[{"href":"https:\/\/eldiariodesanpedro.com.ar\/sitio\/wp-json\/wp\/v2\/posts"}],"about":[{"href":"https:\/\/eldiariodesanpedro.com.ar\/sitio\/wp-json\/wp\/v2\/types\/post"}],"author":[{"embeddable":true,"href":"https:\/\/eldiariodesanpedro.com.ar\/sitio\/wp-json\/wp\/v2\/users\/4"}],"replies":[{"embeddable":true,"href":"https:\/\/eldiariodesanpedro.com.ar\/sitio\/wp-json\/wp\/v2\/comments?post=101563"}],"version-history":[{"count":1,"href":"https:\/\/eldiariodesanpedro.com.ar\/sitio\/wp-json\/wp\/v2\/posts\/101563\/revisions"}],"predecessor-version":[{"id":101565,"href":"https:\/\/eldiariodesanpedro.com.ar\/sitio\/wp-json\/wp\/v2\/posts\/101563\/revisions\/101565"}],"wp:featuredmedia":[{"embeddable":true,"href":"https:\/\/eldiariodesanpedro.com.ar\/sitio\/wp-json\/wp\/v2\/media\/101564"}],"wp:attachment":[{"href":"https:\/\/eldiariodesanpedro.com.ar\/sitio\/wp-json\/wp\/v2\/media?parent=101563"}],"wp:term":[{"taxonomy":"category","embeddable":true,"href":"https:\/\/eldiariodesanpedro.com.ar\/sitio\/wp-json\/wp\/v2\/categories?post=101563"},{"taxonomy":"post_tag","embeddable":true,"href":"https:\/\/eldiariodesanpedro.com.ar\/sitio\/wp-json\/wp\/v2\/tags?post=101563"}],"curies":[{"name":"wp","href":"https:\/\/api.w.org\/{rel}","templated":true}]}}