{"id":101561,"date":"2021-11-16T16:41:27","date_gmt":"2021-11-16T19:41:27","guid":{"rendered":"https:\/\/eldiariodesanpedro.com.ar\/sitio\/?p=101561"},"modified":"2021-11-16T16:41:30","modified_gmt":"2021-11-16T19:41:30","slug":"operativo-de-transito-por-los-eventos-enmarcados-en-el-dia-de-la-soberania-nacional","status":"publish","type":"post","link":"https:\/\/eldiariodesanpedro.com.ar\/sitio\/operativo-de-transito-por-los-eventos-enmarcados-en-el-dia-de-la-soberania-nacional\/","title":{"rendered":"Operativo de Tr\u00e1nsito por los eventos enmarcados en el D\u00eda de la Soberan\u00eda Nacional"},"content":{"rendered":"<!-- VideographyWP Plugin Message: Automatic video embedding prevented by plugin options. -->\n\n<p>La Direcci\u00f3n de Tr\u00e1nsito de la Municipalidad de San Pedro informa que, con motivo de los eventos realizados en el marco del D\u00eda de la Soberan\u00eda Nacional en nuestra ciudad y sus localidades se ha dispuesto un operativo de transito asistido en la zona de la costanera donde se realizar\u00e1 el Encuentro Norte\u00f1o durante los d\u00edas s\u00e1bado, domingo y lunes. Asimismo, se dispondr\u00e1 de un corte en la calle Hip\u00f3lito Irigoyen entre las calles Mitre y Pellegrini donde se llevar\u00e1 a cabo la Fiesta de las Artes en Plaza Constituci\u00f3n durante los d\u00edas s\u00e1bado, domingo y lunes.<\/p>\n\n\n\n<p>En la localidad de Vuelta de Obligado se realizar\u00e1 un control de acceso el d\u00eda s\u00e1bado 20 de noviembre.<\/p>\n","protected":false},"excerpt":{"rendered":"<p>La Direcci\u00f3n de Tr\u00e1nsito de la Municipalidad de San Pedro informa que, con motivo de los eventos realizados en el marco del D\u00eda de la Soberan\u00eda Nacional en nuestra ciudad y sus localidades se ha dispuesto un operativo de transito asistido en la zona de la costanera donde se realizar\u00e1 el Encuentro Norte\u00f1o durante los [&hellip;]<\/p>\n","protected":false},"author":4,"featured_media":17705,"comment_status":"closed","ping_status":"closed","sticky":false,"template":"","format":"standard","meta":{"om_disable_all_campaigns":false,"_jetpack_memberships_contains_paid_content":false,"footnotes":""},"categories":[101,2],"tags":[],"class_list":["post-101561","post","type-post","status-publish","format-standard","has-post-thumbnail","hentry","category-interes-general-locales","category-locales"],"aioseo_notices":[],"gutentor_comment":0,"jetpack_featured_media_url":"https:\/\/eldiariodesanpedro.com.ar\/sitio\/wp-content\/uploads\/2017\/04\/transito-noche.jpg","jetpack_shortlink":"https:\/\/wp.me\/p6RhLt-qq5","jetpack_sharing_enabled":true,"_links":{"self":[{"href":"https:\/\/eldiariodesanpedro.com.ar\/sitio\/wp-json\/wp\/v2\/posts\/101561","targetHints":{"allow":["GET"]}}],"collection":[{"href":"https:\/\/eldiariodesanpedro.com.ar\/sitio\/wp-json\/wp\/v2\/posts"}],"about":[{"href":"https:\/\/eldiariodesanpedro.com.ar\/sitio\/wp-json\/wp\/v2\/types\/post"}],"author":[{"embeddable":true,"href":"https:\/\/eldiariodesanpedro.com.ar\/sitio\/wp-json\/wp\/v2\/users\/4"}],"replies":[{"embeddable":true,"href":"https:\/\/eldiariodesanpedro.com.ar\/sitio\/wp-json\/wp\/v2\/comments?post=101561"}],"version-history":[{"count":1,"href":"https:\/\/eldiariodesanpedro.com.ar\/sitio\/wp-json\/wp\/v2\/posts\/101561\/revisions"}],"predecessor-version":[{"id":101562,"href":"https:\/\/eldiariodesanpedro.com.ar\/sitio\/wp-json\/wp\/v2\/posts\/101561\/revisions\/101562"}],"wp:featuredmedia":[{"embeddable":true,"href":"https:\/\/eldiariodesanpedro.com.ar\/sitio\/wp-json\/wp\/v2\/media\/17705"}],"wp:attachment":[{"href":"https:\/\/eldiariodesanpedro.com.ar\/sitio\/wp-json\/wp\/v2\/media?parent=101561"}],"wp:term":[{"taxonomy":"category","embeddable":true,"href":"https:\/\/eldiariodesanpedro.com.ar\/sitio\/wp-json\/wp\/v2\/categories?post=101561"},{"taxonomy":"post_tag","embeddable":true,"href":"https:\/\/eldiariodesanpedro.com.ar\/sitio\/wp-json\/wp\/v2\/tags?post=101561"}],"curies":[{"name":"wp","href":"https:\/\/api.w.org\/{rel}","templated":true}]}}