{"id":101557,"date":"2021-11-16T16:27:19","date_gmt":"2021-11-16T19:27:19","guid":{"rendered":"https:\/\/eldiariodesanpedro.com.ar\/sitio\/?p=101557"},"modified":"2021-11-16T16:27:22","modified_gmt":"2021-11-16T19:27:22","slug":"la-policia-tuvo-que-bajar-a-un-borracho-del-tren-que-iba-a-retiro","status":"publish","type":"post","link":"https:\/\/eldiariodesanpedro.com.ar\/sitio\/la-policia-tuvo-que-bajar-a-un-borracho-del-tren-que-iba-a-retiro\/","title":{"rendered":"La polic\u00eda tuvo que bajar a un borracho del tren que iba a Retiro"},"content":{"rendered":"<!-- VideographyWP Plugin Message: Automatic video embedding prevented by plugin options. -->\n\n<p>Este martes en horas de la madrugada alrededor de las 06:30 Horas el personal policial se hace presente en estaci\u00f3n de tren San Pedro, procede a la aprehensi\u00f3n de&nbsp; ciudadano de 39 a\u00f1os, quien se encontraba en estado de ebriedad alterando el orden p\u00fablico molestando a los pasajeros.&nbsp;<\/p>\n\n\n\n<p>Este pasajero viajaba en la formaci\u00f3n con destino a Retiro, y fue bajado por personal de seguridad. Se iniciaron actuaciones por infracci\u00f3n al C\u00f3digo de faltas Ley 8031 con intervenci\u00f3n del Juzgado de Paz Letrado San Pedro.&nbsp;<\/p>\n","protected":false},"excerpt":{"rendered":"<p>Este martes en horas de la madrugada alrededor de las 06:30 Horas el personal policial se hace presente en estaci\u00f3n de tren San Pedro, procede a la aprehensi\u00f3n de&nbsp; ciudadano de 39 a\u00f1os, quien se encontraba en estado de ebriedad alterando el orden p\u00fablico molestando a los pasajeros.&nbsp; Este pasajero viajaba en la formaci\u00f3n con [&hellip;]<\/p>\n","protected":false},"author":4,"featured_media":78774,"comment_status":"closed","ping_status":"closed","sticky":false,"template":"","format":"standard","meta":{"om_disable_all_campaigns":false,"_jetpack_memberships_contains_paid_content":false,"footnotes":""},"categories":[2,103],"tags":[],"class_list":["post-101557","post","type-post","status-publish","format-standard","has-post-thumbnail","hentry","category-locales","category-policiales-locales"],"aioseo_notices":[],"gutentor_comment":0,"jetpack_featured_media_url":"https:\/\/eldiariodesanpedro.com.ar\/sitio\/wp-content\/uploads\/2020\/08\/Policia-de-noche-2014-695x510-1.jpg","jetpack_shortlink":"https:\/\/wp.me\/p6RhLt-qq1","jetpack_sharing_enabled":true,"_links":{"self":[{"href":"https:\/\/eldiariodesanpedro.com.ar\/sitio\/wp-json\/wp\/v2\/posts\/101557","targetHints":{"allow":["GET"]}}],"collection":[{"href":"https:\/\/eldiariodesanpedro.com.ar\/sitio\/wp-json\/wp\/v2\/posts"}],"about":[{"href":"https:\/\/eldiariodesanpedro.com.ar\/sitio\/wp-json\/wp\/v2\/types\/post"}],"author":[{"embeddable":true,"href":"https:\/\/eldiariodesanpedro.com.ar\/sitio\/wp-json\/wp\/v2\/users\/4"}],"replies":[{"embeddable":true,"href":"https:\/\/eldiariodesanpedro.com.ar\/sitio\/wp-json\/wp\/v2\/comments?post=101557"}],"version-history":[{"count":1,"href":"https:\/\/eldiariodesanpedro.com.ar\/sitio\/wp-json\/wp\/v2\/posts\/101557\/revisions"}],"predecessor-version":[{"id":101558,"href":"https:\/\/eldiariodesanpedro.com.ar\/sitio\/wp-json\/wp\/v2\/posts\/101557\/revisions\/101558"}],"wp:featuredmedia":[{"embeddable":true,"href":"https:\/\/eldiariodesanpedro.com.ar\/sitio\/wp-json\/wp\/v2\/media\/78774"}],"wp:attachment":[{"href":"https:\/\/eldiariodesanpedro.com.ar\/sitio\/wp-json\/wp\/v2\/media?parent=101557"}],"wp:term":[{"taxonomy":"category","embeddable":true,"href":"https:\/\/eldiariodesanpedro.com.ar\/sitio\/wp-json\/wp\/v2\/categories?post=101557"},{"taxonomy":"post_tag","embeddable":true,"href":"https:\/\/eldiariodesanpedro.com.ar\/sitio\/wp-json\/wp\/v2\/tags?post=101557"}],"curies":[{"name":"wp","href":"https:\/\/api.w.org\/{rel}","templated":true}]}}