{"id":101553,"date":"2021-11-16T16:15:34","date_gmt":"2021-11-16T19:15:34","guid":{"rendered":"https:\/\/eldiariodesanpedro.com.ar\/sitio\/?p=101553"},"modified":"2021-11-16T16:15:37","modified_gmt":"2021-11-16T19:15:37","slug":"denuncia-por-danos-en-el-ingreso-de-una-vivienda","status":"publish","type":"post","link":"https:\/\/eldiariodesanpedro.com.ar\/sitio\/denuncia-por-danos-en-el-ingreso-de-una-vivienda\/","title":{"rendered":"Denuncia por da\u00f1os en el ingreso de una vivienda"},"content":{"rendered":"<!-- VideographyWP Plugin Message: Automatic video embedding prevented by plugin options. -->\n\n<p>Este lunes se recibi\u00f3 la denuncia en la comisar\u00eda local por parte de un ciudadano de 39 a\u00f1os, refiere que siendo aproximadamente 17:00 horas constata en la residencia de su progenitora ubicada en calle Salta al 1600 que en ausencia de moradores, ignorados da\u00f1aron puerta lateral de ingreso.<\/p>\n","protected":false},"excerpt":{"rendered":"<p>Este lunes se recibi\u00f3 la denuncia en la comisar\u00eda local por parte de un ciudadano de 39 a\u00f1os, refiere que siendo aproximadamente 17:00 horas constata en la residencia de su progenitora ubicada en calle Salta al 1600 que en ausencia de moradores, ignorados da\u00f1aron puerta lateral de ingreso.<\/p>\n","protected":false},"author":4,"featured_media":45394,"comment_status":"closed","ping_status":"closed","sticky":false,"template":"","format":"standard","meta":{"om_disable_all_campaigns":false,"_jetpack_memberships_contains_paid_content":false,"footnotes":""},"categories":[2,103],"tags":[],"class_list":["post-101553","post","type-post","status-publish","format-standard","has-post-thumbnail","hentry","category-locales","category-policiales-locales"],"aioseo_notices":[],"gutentor_comment":0,"jetpack_featured_media_url":"https:\/\/eldiariodesanpedro.com.ar\/sitio\/wp-content\/uploads\/2019\/01\/comisaria.jpg","jetpack_shortlink":"https:\/\/wp.me\/p6RhLt-qpX","jetpack_sharing_enabled":true,"_links":{"self":[{"href":"https:\/\/eldiariodesanpedro.com.ar\/sitio\/wp-json\/wp\/v2\/posts\/101553","targetHints":{"allow":["GET"]}}],"collection":[{"href":"https:\/\/eldiariodesanpedro.com.ar\/sitio\/wp-json\/wp\/v2\/posts"}],"about":[{"href":"https:\/\/eldiariodesanpedro.com.ar\/sitio\/wp-json\/wp\/v2\/types\/post"}],"author":[{"embeddable":true,"href":"https:\/\/eldiariodesanpedro.com.ar\/sitio\/wp-json\/wp\/v2\/users\/4"}],"replies":[{"embeddable":true,"href":"https:\/\/eldiariodesanpedro.com.ar\/sitio\/wp-json\/wp\/v2\/comments?post=101553"}],"version-history":[{"count":1,"href":"https:\/\/eldiariodesanpedro.com.ar\/sitio\/wp-json\/wp\/v2\/posts\/101553\/revisions"}],"predecessor-version":[{"id":101554,"href":"https:\/\/eldiariodesanpedro.com.ar\/sitio\/wp-json\/wp\/v2\/posts\/101553\/revisions\/101554"}],"wp:featuredmedia":[{"embeddable":true,"href":"https:\/\/eldiariodesanpedro.com.ar\/sitio\/wp-json\/wp\/v2\/media\/45394"}],"wp:attachment":[{"href":"https:\/\/eldiariodesanpedro.com.ar\/sitio\/wp-json\/wp\/v2\/media?parent=101553"}],"wp:term":[{"taxonomy":"category","embeddable":true,"href":"https:\/\/eldiariodesanpedro.com.ar\/sitio\/wp-json\/wp\/v2\/categories?post=101553"},{"taxonomy":"post_tag","embeddable":true,"href":"https:\/\/eldiariodesanpedro.com.ar\/sitio\/wp-json\/wp\/v2\/tags?post=101553"}],"curies":[{"name":"wp","href":"https:\/\/api.w.org\/{rel}","templated":true}]}}