{"id":101547,"date":"2021-11-16T12:37:28","date_gmt":"2021-11-16T15:37:28","guid":{"rendered":"https:\/\/eldiariodesanpedro.com.ar\/sitio\/?p=101547"},"modified":"2021-11-16T12:37:31","modified_gmt":"2021-11-16T15:37:31","slug":"una-mujer-herida-al-caerse-de-su-motocicleta-2","status":"publish","type":"post","link":"https:\/\/eldiariodesanpedro.com.ar\/sitio\/una-mujer-herida-al-caerse-de-su-motocicleta-2\/","title":{"rendered":"Una mujer herida al caerse de su motocicleta"},"content":{"rendered":"<!-- VideographyWP Plugin Message: Automatic video embedding prevented by plugin options. -->\n\n<p>Este lunes alrededor de las 12:30 horas el personal policial alertado acude a 11 de Septiembre y Balcarce, donde por razones que se tratan de establecer motocicleta conducida por una mujer de 43 a\u00f1os de edad, la v\u00edctima pierde estabilidad y cae accidentalmente, sin intervenci\u00f3n de terceros.&nbsp;<\/p>\n\n\n\n<p>Como consecuencia el conductor rodado es trasladado al Hospital San Pedro, el m\u00e9dico constata traumatismos leves.<\/p>\n","protected":false},"excerpt":{"rendered":"<p>Este lunes alrededor de las 12:30 horas el personal policial alertado acude a 11 de Septiembre y Balcarce, donde por razones que se tratan de establecer motocicleta conducida por una mujer de 43 a\u00f1os de edad, la v\u00edctima pierde estabilidad y cae accidentalmente, sin intervenci\u00f3n de terceros.&nbsp; Como consecuencia el conductor rodado es trasladado al [&hellip;]<\/p>\n","protected":false},"author":4,"featured_media":101544,"comment_status":"closed","ping_status":"closed","sticky":false,"template":"","format":"standard","meta":{"om_disable_all_campaigns":false,"_jetpack_memberships_contains_paid_content":false,"footnotes":""},"categories":[2,103],"tags":[],"class_list":["post-101547","post","type-post","status-publish","format-standard","has-post-thumbnail","hentry","category-locales","category-policiales-locales"],"aioseo_notices":[],"gutentor_comment":0,"jetpack_featured_media_url":"https:\/\/eldiariodesanpedro.com.ar\/sitio\/wp-content\/uploads\/2021\/11\/WhatsApp-Image-2021-11-16-at-12.24.19.jpeg","jetpack_shortlink":"https:\/\/wp.me\/p6RhLt-qpR","jetpack_sharing_enabled":true,"_links":{"self":[{"href":"https:\/\/eldiariodesanpedro.com.ar\/sitio\/wp-json\/wp\/v2\/posts\/101547","targetHints":{"allow":["GET"]}}],"collection":[{"href":"https:\/\/eldiariodesanpedro.com.ar\/sitio\/wp-json\/wp\/v2\/posts"}],"about":[{"href":"https:\/\/eldiariodesanpedro.com.ar\/sitio\/wp-json\/wp\/v2\/types\/post"}],"author":[{"embeddable":true,"href":"https:\/\/eldiariodesanpedro.com.ar\/sitio\/wp-json\/wp\/v2\/users\/4"}],"replies":[{"embeddable":true,"href":"https:\/\/eldiariodesanpedro.com.ar\/sitio\/wp-json\/wp\/v2\/comments?post=101547"}],"version-history":[{"count":1,"href":"https:\/\/eldiariodesanpedro.com.ar\/sitio\/wp-json\/wp\/v2\/posts\/101547\/revisions"}],"predecessor-version":[{"id":101548,"href":"https:\/\/eldiariodesanpedro.com.ar\/sitio\/wp-json\/wp\/v2\/posts\/101547\/revisions\/101548"}],"wp:featuredmedia":[{"embeddable":true,"href":"https:\/\/eldiariodesanpedro.com.ar\/sitio\/wp-json\/wp\/v2\/media\/101544"}],"wp:attachment":[{"href":"https:\/\/eldiariodesanpedro.com.ar\/sitio\/wp-json\/wp\/v2\/media?parent=101547"}],"wp:term":[{"taxonomy":"category","embeddable":true,"href":"https:\/\/eldiariodesanpedro.com.ar\/sitio\/wp-json\/wp\/v2\/categories?post=101547"},{"taxonomy":"post_tag","embeddable":true,"href":"https:\/\/eldiariodesanpedro.com.ar\/sitio\/wp-json\/wp\/v2\/tags?post=101547"}],"curies":[{"name":"wp","href":"https:\/\/api.w.org\/{rel}","templated":true}]}}