{"id":10154,"date":"2016-11-13T19:55:42","date_gmt":"2016-11-13T22:55:42","guid":{"rendered":"https:\/\/eldiariodesanpedro.com.ar\/sitio\/?p=10154"},"modified":"2016-11-13T19:55:42","modified_gmt":"2016-11-13T22:55:42","slug":"vuelco-de-un-automovil-en-la-ruta-191","status":"publish","type":"post","link":"https:\/\/eldiariodesanpedro.com.ar\/sitio\/vuelco-de-un-automovil-en-la-ruta-191\/","title":{"rendered":"Vuelco de un automovil en la ruta 191"},"content":{"rendered":"<p><!-- VideographyWP Plugin Message: Automatic video embedding prevented by plugin options. --><br \/>\nEl accidente se produjo en la ruta 191, en la intersecci\u00f3n con el camino de acceso al Aero Club. Por motivos que se tratan de establecer, el conductor de un autom\u00f3vil marca Chevrolet Corsa, un joven de 30 a\u00f1os de edad, perdi\u00f3 el control del veh\u00edculo, saliendo de la calzada y provocando un vuelco.<\/p>\n<p>A pesar de lo impresionante del siniestro, el joven solo recibi\u00f3 heridas leves y un corte en el cuero cabelludo.<\/p>\n","protected":false},"excerpt":{"rendered":"<p>El accidente se produjo en la ruta 191, en la intersecci\u00f3n con el camino de acceso al Aero Club. Por motivos que se tratan de establecer, el conductor de un autom\u00f3vil marca Chevrolet Corsa, un joven de 30 a\u00f1os de edad, perdi\u00f3 el control del veh\u00edculo, saliendo de la calzada y provocando un vuelco. A [&hellip;]<\/p>\n","protected":false},"author":4,"featured_media":10155,"comment_status":"open","ping_status":"closed","sticky":false,"template":"","format":"standard","meta":{"om_disable_all_campaigns":false,"_jetpack_memberships_contains_paid_content":false,"footnotes":""},"categories":[50,101,2],"tags":[],"class_list":["post-10154","post","type-post","status-publish","format-standard","has-post-thumbnail","hentry","category-destacadas","category-interes-general-locales","category-locales"],"aioseo_notices":[],"gutentor_comment":0,"jetpack_featured_media_url":"https:\/\/eldiariodesanpedro.com.ar\/sitio\/wp-content\/uploads\/2016\/11\/TAPA.jpg","jetpack_shortlink":"https:\/\/wp.me\/p6RhLt-2DM","jetpack_sharing_enabled":true,"_links":{"self":[{"href":"https:\/\/eldiariodesanpedro.com.ar\/sitio\/wp-json\/wp\/v2\/posts\/10154","targetHints":{"allow":["GET"]}}],"collection":[{"href":"https:\/\/eldiariodesanpedro.com.ar\/sitio\/wp-json\/wp\/v2\/posts"}],"about":[{"href":"https:\/\/eldiariodesanpedro.com.ar\/sitio\/wp-json\/wp\/v2\/types\/post"}],"author":[{"embeddable":true,"href":"https:\/\/eldiariodesanpedro.com.ar\/sitio\/wp-json\/wp\/v2\/users\/4"}],"replies":[{"embeddable":true,"href":"https:\/\/eldiariodesanpedro.com.ar\/sitio\/wp-json\/wp\/v2\/comments?post=10154"}],"version-history":[{"count":1,"href":"https:\/\/eldiariodesanpedro.com.ar\/sitio\/wp-json\/wp\/v2\/posts\/10154\/revisions"}],"predecessor-version":[{"id":10156,"href":"https:\/\/eldiariodesanpedro.com.ar\/sitio\/wp-json\/wp\/v2\/posts\/10154\/revisions\/10156"}],"wp:featuredmedia":[{"embeddable":true,"href":"https:\/\/eldiariodesanpedro.com.ar\/sitio\/wp-json\/wp\/v2\/media\/10155"}],"wp:attachment":[{"href":"https:\/\/eldiariodesanpedro.com.ar\/sitio\/wp-json\/wp\/v2\/media?parent=10154"}],"wp:term":[{"taxonomy":"category","embeddable":true,"href":"https:\/\/eldiariodesanpedro.com.ar\/sitio\/wp-json\/wp\/v2\/categories?post=10154"},{"taxonomy":"post_tag","embeddable":true,"href":"https:\/\/eldiariodesanpedro.com.ar\/sitio\/wp-json\/wp\/v2\/tags?post=10154"}],"curies":[{"name":"wp","href":"https:\/\/api.w.org\/{rel}","templated":true}]}}