{"id":101533,"date":"2021-11-15T20:15:13","date_gmt":"2021-11-15T23:15:13","guid":{"rendered":"https:\/\/eldiariodesanpedro.com.ar\/sitio\/?p=101533"},"modified":"2021-11-15T20:15:16","modified_gmt":"2021-11-15T23:15:16","slug":"concurso-preventivo-de-marochi-leonardo-ezequiel","status":"publish","type":"post","link":"https:\/\/eldiariodesanpedro.com.ar\/sitio\/concurso-preventivo-de-marochi-leonardo-ezequiel\/","title":{"rendered":"Concurso Preventivo de Marochi Leonardo Ezequiel"},"content":{"rendered":"<!-- VideographyWP Plugin Message: Automatic video embedding prevented by plugin options. -->\n\n<p>Se comunica por el plazo de <strong>5 d\u00edas <\/strong>que en fecha 11\/11\/21 se ha ordenado la apertura del concurso preventivo de MAROCCHI&nbsp; LEONARDO EZEQUIEL, argentino, DNI N\u00b0 26.524.500, CUIT:&nbsp; 20-26524500-6, nacido el 14\/07\/1978, de profesi\u00f3n comerciante,&nbsp; casado en primeras nupcias con Carolina Parra, domiciliado en&nbsp; calle Bartolom\u00e9 Mitre n\u00b0 2490 de la ciudad de San Pedro, Pcia. de&nbsp; Buenos Aires. Se fija <strong>hasta el 02\/02\/2022, a fin de que los&nbsp; acreedores presenten la correspondiente verificaci\u00f3n de cr\u00e9ditos <\/strong>ante la <strong>S\u00edndico Ctdora. Bianchi Mar\u00eda Julia <\/strong>con domicilio en&nbsp; calle Dr. Leandro N Alem n\u00b0 37 de la Ciudad de San Nicol\u00e1s de los&nbsp; Arroyos, Pcia. de Bs. As, los d\u00edas lunes, mi\u00e9rcoles y viernes de&nbsp; 8.00hs a 16.00hs; y los d\u00edas martes y jueves de 8.00hs a 14.00hs.&nbsp;<\/p>\n\n\n\n<p>Se fijan fechas: <strong>Informes Individuales <\/strong>18\/03\/22; <strong>Informe General <\/strong>29\/04\/22. San Nicol\u00e1s 11, de&nbsp; Noviembre de 2021.-&nbsp;<\/p>\n\n\n\n<p>DR. BLUHN LEONARDO <br>AUXILIAR LETRADO<\/p>\n\n\n\n<p>(Publicaci\u00f3n 15,16, 17, 18 y 19 de Noviembre)<\/p>\n","protected":false},"excerpt":{"rendered":"<p>Se comunica por el plazo de 5 d\u00edas que en fecha 11\/11\/21 se ha ordenado la apertura del concurso preventivo de MAROCCHI&nbsp; LEONARDO EZEQUIEL, argentino, DNI N\u00b0 26.524.500, CUIT:&nbsp; 20-26524500-6, nacido el 14\/07\/1978, de profesi\u00f3n comerciante,&nbsp; casado en primeras nupcias con Carolina Parra, domiciliado en&nbsp; calle Bartolom\u00e9 Mitre n\u00b0 2490 de la ciudad de San [&hellip;]<\/p>\n","protected":false},"author":4,"featured_media":81115,"comment_status":"closed","ping_status":"closed","sticky":false,"template":"","format":"standard","meta":{"om_disable_all_campaigns":false,"_jetpack_memberships_contains_paid_content":false,"footnotes":""},"categories":[676,1124],"tags":[],"class_list":["post-101533","post","type-post","status-publish","format-standard","has-post-thumbnail","hentry","category-edictos","category-edictos-especiales"],"aioseo_notices":[],"gutentor_comment":0,"jetpack_featured_media_url":"https:\/\/eldiariodesanpedro.com.ar\/sitio\/wp-content\/uploads\/2020\/09\/Poder-Judicial.jpg","jetpack_shortlink":"https:\/\/wp.me\/p6RhLt-qpD","jetpack_sharing_enabled":true,"_links":{"self":[{"href":"https:\/\/eldiariodesanpedro.com.ar\/sitio\/wp-json\/wp\/v2\/posts\/101533","targetHints":{"allow":["GET"]}}],"collection":[{"href":"https:\/\/eldiariodesanpedro.com.ar\/sitio\/wp-json\/wp\/v2\/posts"}],"about":[{"href":"https:\/\/eldiariodesanpedro.com.ar\/sitio\/wp-json\/wp\/v2\/types\/post"}],"author":[{"embeddable":true,"href":"https:\/\/eldiariodesanpedro.com.ar\/sitio\/wp-json\/wp\/v2\/users\/4"}],"replies":[{"embeddable":true,"href":"https:\/\/eldiariodesanpedro.com.ar\/sitio\/wp-json\/wp\/v2\/comments?post=101533"}],"version-history":[{"count":1,"href":"https:\/\/eldiariodesanpedro.com.ar\/sitio\/wp-json\/wp\/v2\/posts\/101533\/revisions"}],"predecessor-version":[{"id":101534,"href":"https:\/\/eldiariodesanpedro.com.ar\/sitio\/wp-json\/wp\/v2\/posts\/101533\/revisions\/101534"}],"wp:featuredmedia":[{"embeddable":true,"href":"https:\/\/eldiariodesanpedro.com.ar\/sitio\/wp-json\/wp\/v2\/media\/81115"}],"wp:attachment":[{"href":"https:\/\/eldiariodesanpedro.com.ar\/sitio\/wp-json\/wp\/v2\/media?parent=101533"}],"wp:term":[{"taxonomy":"category","embeddable":true,"href":"https:\/\/eldiariodesanpedro.com.ar\/sitio\/wp-json\/wp\/v2\/categories?post=101533"},{"taxonomy":"post_tag","embeddable":true,"href":"https:\/\/eldiariodesanpedro.com.ar\/sitio\/wp-json\/wp\/v2\/tags?post=101533"}],"curies":[{"name":"wp","href":"https:\/\/api.w.org\/{rel}","templated":true}]}}