{"id":101526,"date":"2021-11-15T19:29:42","date_gmt":"2021-11-15T22:29:42","guid":{"rendered":"https:\/\/eldiariodesanpedro.com.ar\/sitio\/?p=101526"},"modified":"2021-11-15T19:29:44","modified_gmt":"2021-11-15T22:29:44","slug":"vuelve-la-entrega-de-los-premios-paulinos-en-diciembre","status":"publish","type":"post","link":"https:\/\/eldiariodesanpedro.com.ar\/sitio\/vuelve-la-entrega-de-los-premios-paulinos-en-diciembre\/","title":{"rendered":"Vuelve la entrega de los Premios Paulinos en diciembre"},"content":{"rendered":"<!-- VideographyWP Plugin Message: Automatic video embedding prevented by plugin options. -->\n\n<p>Vuelven el domingo 5 de diciembre a las 19.30 hs., los hist\u00f3ricos premios del Club. Ser\u00e1 una fiesta con reconocimientos especiales, homenajes y los #Paulinos que se entregan desde 1985.<br>El anuncio de los ternados, este a\u00f1o, lo hacen los entrenadores de cada disciplina. Felicitaciones!<\/p>\n\n\n\n<p>TERNAS 2021<\/p>\n\n\n\n<p>HOCKEY<br>Catalina Mallo &#8211; Antonella Morresi &#8211; Renata Noseda<\/p>\n\n\n\n<p>NATACION<br>Amparo Guardia &#8211; Ana Yeri &#8211; Joaqu\u00edn Murlaas<\/p>\n\n\n\n<p>VOLEIBOL<br>Valentina Grabovieski &#8211; Bautista Paz &#8211; Nazareno Massaglia<\/p>\n\n\n\n<p>CANOTAJE<br>Diego L\u00f3pez &#8211; Juli\u00e1n S\u00e1nchez Negrete &#8211; Emilio Porta<\/p>\n\n\n\n<p>BASQUETBOL<br>Manuel S\u00e1nchez &#8211; Rodrigo Bravo &#8211; Agostina De Rosa<\/p>\n\n\n\n<p>TENIS<br>M\u00e1ximo Y\u00e1\u00f1ez &#8211; Bautista Bonafina &#8211; Vicente Y\u00e1\u00f1ez<\/p>\n\n\n\n<p>OPTIMIST<br>Francina Paz &#8211; Delfina Kuttel &#8211; Francisco G\u00f3mez<\/p>\n\n\n\n<p>@canotaje_cnsp @hockeycnsp @basquetfemenino_cnsp @basquetnautico @tenis_clubnauticosanpedro @escuelitanauticasanpedro @voleynauti @voley_nautico @natacion_cnsp @natacion_cnsp<\/p>\n","protected":false},"excerpt":{"rendered":"<p>Vuelven el domingo 5 de diciembre a las 19.30 hs., los hist\u00f3ricos premios del Club. Ser\u00e1 una fiesta con reconocimientos especiales, homenajes y los #Paulinos que se entregan desde 1985.El anuncio de los ternados, este a\u00f1o, lo hacen los entrenadores de cada disciplina. Felicitaciones! TERNAS 2021 HOCKEYCatalina Mallo &#8211; Antonella Morresi &#8211; Renata Noseda NATACIONAmparo [&hellip;]<\/p>\n","protected":false},"author":4,"featured_media":101527,"comment_status":"closed","ping_status":"closed","sticky":false,"template":"","format":"standard","meta":{"om_disable_all_campaigns":false,"_jetpack_memberships_contains_paid_content":false,"footnotes":""},"categories":[50,101,2],"tags":[],"class_list":["post-101526","post","type-post","status-publish","format-standard","has-post-thumbnail","hentry","category-destacadas","category-interes-general-locales","category-locales"],"aioseo_notices":[],"gutentor_comment":0,"jetpack_featured_media_url":"https:\/\/eldiariodesanpedro.com.ar\/sitio\/wp-content\/uploads\/2021\/11\/CNSP-Paulinos19-127.jpg","jetpack_shortlink":"https:\/\/wp.me\/p6RhLt-qpw","jetpack_sharing_enabled":true,"_links":{"self":[{"href":"https:\/\/eldiariodesanpedro.com.ar\/sitio\/wp-json\/wp\/v2\/posts\/101526","targetHints":{"allow":["GET"]}}],"collection":[{"href":"https:\/\/eldiariodesanpedro.com.ar\/sitio\/wp-json\/wp\/v2\/posts"}],"about":[{"href":"https:\/\/eldiariodesanpedro.com.ar\/sitio\/wp-json\/wp\/v2\/types\/post"}],"author":[{"embeddable":true,"href":"https:\/\/eldiariodesanpedro.com.ar\/sitio\/wp-json\/wp\/v2\/users\/4"}],"replies":[{"embeddable":true,"href":"https:\/\/eldiariodesanpedro.com.ar\/sitio\/wp-json\/wp\/v2\/comments?post=101526"}],"version-history":[{"count":1,"href":"https:\/\/eldiariodesanpedro.com.ar\/sitio\/wp-json\/wp\/v2\/posts\/101526\/revisions"}],"predecessor-version":[{"id":101528,"href":"https:\/\/eldiariodesanpedro.com.ar\/sitio\/wp-json\/wp\/v2\/posts\/101526\/revisions\/101528"}],"wp:featuredmedia":[{"embeddable":true,"href":"https:\/\/eldiariodesanpedro.com.ar\/sitio\/wp-json\/wp\/v2\/media\/101527"}],"wp:attachment":[{"href":"https:\/\/eldiariodesanpedro.com.ar\/sitio\/wp-json\/wp\/v2\/media?parent=101526"}],"wp:term":[{"taxonomy":"category","embeddable":true,"href":"https:\/\/eldiariodesanpedro.com.ar\/sitio\/wp-json\/wp\/v2\/categories?post=101526"},{"taxonomy":"post_tag","embeddable":true,"href":"https:\/\/eldiariodesanpedro.com.ar\/sitio\/wp-json\/wp\/v2\/tags?post=101526"}],"curies":[{"name":"wp","href":"https:\/\/api.w.org\/{rel}","templated":true}]}}