{"id":101524,"date":"2021-11-15T18:41:28","date_gmt":"2021-11-15T21:41:28","guid":{"rendered":"https:\/\/eldiariodesanpedro.com.ar\/sitio\/?p=101524"},"modified":"2021-11-15T18:41:32","modified_gmt":"2021-11-15T21:41:32","slug":"corte-electrico-programado-en-zona-centrica-por-reparaciones-tras-la-tormenta","status":"publish","type":"post","link":"https:\/\/eldiariodesanpedro.com.ar\/sitio\/corte-electrico-programado-en-zona-centrica-por-reparaciones-tras-la-tormenta\/","title":{"rendered":"Corte el\u00e9ctrico programado en zona centrica por reparaciones tras la tormenta"},"content":{"rendered":"<!-- VideographyWP Plugin Message: Automatic video embedding prevented by plugin options. -->\n\n<p>COOPSER informa que ma\u00f1ana&nbsp;<strong>martes 16 de noviembre, entre las 7 y las 11 hs,&nbsp;<\/strong>se cumplir\u00e1 con un corte de suministro el\u00e9ctrico para realizar el recableado de la l\u00ednea de media tensi\u00f3n del Alimentador N\u00ba5, afectada por la tormenta de la noche del s\u00e1bado.<\/p>\n\n\n\n<p><strong>Este corte comprender\u00e1 desde Honorio Pueyrred\u00f3n y Thorne, hasta Honorio Pueyrred\u00f3n y Chivilcoy.&nbsp; Adem\u00e1s abarca la cuadr\u00edcula de Av. 3 de Febrero, Poeta An\u00edbal de Ant\u00f3n, Libertad y R\u00f3mulo Naon. &nbsp;<\/strong><\/p>\n\n\n\n<p><em>En caso de mal tiempo ser\u00e1 reprogramado.<\/em><\/p>\n","protected":false},"excerpt":{"rendered":"<p>COOPSER informa que ma\u00f1ana&nbsp;martes 16 de noviembre, entre las 7 y las 11 hs,&nbsp;se cumplir\u00e1 con un corte de suministro el\u00e9ctrico para realizar el recableado de la l\u00ednea de media tensi\u00f3n del Alimentador N\u00ba5, afectada por la tormenta de la noche del s\u00e1bado. Este corte comprender\u00e1 desde Honorio Pueyrred\u00f3n y Thorne, hasta Honorio Pueyrred\u00f3n y [&hellip;]<\/p>\n","protected":false},"author":4,"featured_media":101456,"comment_status":"closed","ping_status":"closed","sticky":false,"template":"","format":"standard","meta":{"om_disable_all_campaigns":false,"_jetpack_memberships_contains_paid_content":false,"footnotes":""},"categories":[50,101,2],"tags":[],"class_list":["post-101524","post","type-post","status-publish","format-standard","has-post-thumbnail","hentry","category-destacadas","category-interes-general-locales","category-locales"],"aioseo_notices":[],"gutentor_comment":0,"jetpack_featured_media_url":"https:\/\/eldiariodesanpedro.com.ar\/sitio\/wp-content\/uploads\/2021\/11\/WhatsApp-Image-2021-11-14-at-09.13.35-2.jpeg","jetpack_shortlink":"https:\/\/wp.me\/p6RhLt-qpu","jetpack_sharing_enabled":true,"_links":{"self":[{"href":"https:\/\/eldiariodesanpedro.com.ar\/sitio\/wp-json\/wp\/v2\/posts\/101524","targetHints":{"allow":["GET"]}}],"collection":[{"href":"https:\/\/eldiariodesanpedro.com.ar\/sitio\/wp-json\/wp\/v2\/posts"}],"about":[{"href":"https:\/\/eldiariodesanpedro.com.ar\/sitio\/wp-json\/wp\/v2\/types\/post"}],"author":[{"embeddable":true,"href":"https:\/\/eldiariodesanpedro.com.ar\/sitio\/wp-json\/wp\/v2\/users\/4"}],"replies":[{"embeddable":true,"href":"https:\/\/eldiariodesanpedro.com.ar\/sitio\/wp-json\/wp\/v2\/comments?post=101524"}],"version-history":[{"count":1,"href":"https:\/\/eldiariodesanpedro.com.ar\/sitio\/wp-json\/wp\/v2\/posts\/101524\/revisions"}],"predecessor-version":[{"id":101525,"href":"https:\/\/eldiariodesanpedro.com.ar\/sitio\/wp-json\/wp\/v2\/posts\/101524\/revisions\/101525"}],"wp:featuredmedia":[{"embeddable":true,"href":"https:\/\/eldiariodesanpedro.com.ar\/sitio\/wp-json\/wp\/v2\/media\/101456"}],"wp:attachment":[{"href":"https:\/\/eldiariodesanpedro.com.ar\/sitio\/wp-json\/wp\/v2\/media?parent=101524"}],"wp:term":[{"taxonomy":"category","embeddable":true,"href":"https:\/\/eldiariodesanpedro.com.ar\/sitio\/wp-json\/wp\/v2\/categories?post=101524"},{"taxonomy":"post_tag","embeddable":true,"href":"https:\/\/eldiariodesanpedro.com.ar\/sitio\/wp-json\/wp\/v2\/tags?post=101524"}],"curies":[{"name":"wp","href":"https:\/\/api.w.org\/{rel}","templated":true}]}}