{"id":10152,"date":"2016-11-13T19:54:46","date_gmt":"2016-11-13T22:54:46","guid":{"rendered":"https:\/\/eldiariodesanpedro.com.ar\/sitio\/?p=10152"},"modified":"2016-11-13T19:54:46","modified_gmt":"2016-11-13T22:54:46","slug":"aprehenden-a-un-joven-por-agredir-a-la-policia","status":"publish","type":"post","link":"https:\/\/eldiariodesanpedro.com.ar\/sitio\/aprehenden-a-un-joven-por-agredir-a-la-policia\/","title":{"rendered":"Aprehenden a un joven por agredir a la polic\u00eda"},"content":{"rendered":"<p><!-- VideographyWP Plugin Message: Automatic video embedding prevented by plugin options. --><br \/>\nEn horas de la ma\u00f1ana de este domingo, fue detenido un joven de 19 a\u00f1os, en calle Pellegrini entre Las Heras y Obligado. El motivo de la detenci\u00f3n se debe a que en el lugar se llevaba a cabo un operativo de control de alcoholemia. El joven, que se encontraba en estado de ebriedad, se acerc\u00f3 al lugar y comenz\u00f3 arrojar piedras a los efectivos que se encontraban trabajando. El mismo fue reducido y trasladado a la comisar\u00eda local.<\/p>\n","protected":false},"excerpt":{"rendered":"<p>En horas de la ma\u00f1ana de este domingo, fue detenido un joven de 19 a\u00f1os, en calle Pellegrini entre Las Heras y Obligado. El motivo de la detenci\u00f3n se debe a que en el lugar se llevaba a cabo un operativo de control de alcoholemia. El joven, que se encontraba en estado de ebriedad, se [&hellip;]<\/p>\n","protected":false},"author":4,"featured_media":600,"comment_status":"open","ping_status":"closed","sticky":false,"template":"","format":"standard","meta":{"om_disable_all_campaigns":false,"_jetpack_memberships_contains_paid_content":false,"footnotes":""},"categories":[2,103],"tags":[],"class_list":["post-10152","post","type-post","status-publish","format-standard","has-post-thumbnail","hentry","category-locales","category-policiales-locales"],"aioseo_notices":[],"gutentor_comment":0,"jetpack_featured_media_url":"https:\/\/eldiariodesanpedro.com.ar\/sitio\/wp-content\/uploads\/2015\/11\/patrulleros400-2712101.jpg","jetpack_shortlink":"https:\/\/wp.me\/p6RhLt-2DK","jetpack_sharing_enabled":true,"_links":{"self":[{"href":"https:\/\/eldiariodesanpedro.com.ar\/sitio\/wp-json\/wp\/v2\/posts\/10152","targetHints":{"allow":["GET"]}}],"collection":[{"href":"https:\/\/eldiariodesanpedro.com.ar\/sitio\/wp-json\/wp\/v2\/posts"}],"about":[{"href":"https:\/\/eldiariodesanpedro.com.ar\/sitio\/wp-json\/wp\/v2\/types\/post"}],"author":[{"embeddable":true,"href":"https:\/\/eldiariodesanpedro.com.ar\/sitio\/wp-json\/wp\/v2\/users\/4"}],"replies":[{"embeddable":true,"href":"https:\/\/eldiariodesanpedro.com.ar\/sitio\/wp-json\/wp\/v2\/comments?post=10152"}],"version-history":[{"count":1,"href":"https:\/\/eldiariodesanpedro.com.ar\/sitio\/wp-json\/wp\/v2\/posts\/10152\/revisions"}],"predecessor-version":[{"id":10153,"href":"https:\/\/eldiariodesanpedro.com.ar\/sitio\/wp-json\/wp\/v2\/posts\/10152\/revisions\/10153"}],"wp:featuredmedia":[{"embeddable":true,"href":"https:\/\/eldiariodesanpedro.com.ar\/sitio\/wp-json\/wp\/v2\/media\/600"}],"wp:attachment":[{"href":"https:\/\/eldiariodesanpedro.com.ar\/sitio\/wp-json\/wp\/v2\/media?parent=10152"}],"wp:term":[{"taxonomy":"category","embeddable":true,"href":"https:\/\/eldiariodesanpedro.com.ar\/sitio\/wp-json\/wp\/v2\/categories?post=10152"},{"taxonomy":"post_tag","embeddable":true,"href":"https:\/\/eldiariodesanpedro.com.ar\/sitio\/wp-json\/wp\/v2\/tags?post=10152"}],"curies":[{"name":"wp","href":"https:\/\/api.w.org\/{rel}","templated":true}]}}