{"id":101498,"date":"2021-11-15T10:24:10","date_gmt":"2021-11-15T13:24:10","guid":{"rendered":"https:\/\/eldiariodesanpedro.com.ar\/sitio\/?p=101498"},"modified":"2021-11-15T10:24:13","modified_gmt":"2021-11-15T13:24:13","slug":"nuevo-esquema-de-horarios-para-el-centro-covid-19","status":"publish","type":"post","link":"https:\/\/eldiariodesanpedro.com.ar\/sitio\/nuevo-esquema-de-horarios-para-el-centro-covid-19\/","title":{"rendered":"Nuevo esquema de horarios para el Centro Covid-19"},"content":{"rendered":"<!-- VideographyWP Plugin Message: Automatic video embedding prevented by plugin options. -->\n\n<p>La Secretaria de Salud de la Municipalidad de San Pedro informa que desde ma\u00f1ana martes 16, el Centro Covid-19 funcionar\u00e1 con un nuevo horario, de acuerdo a la situaci\u00f3n general de los \u00faltimos d\u00edas.<\/p>\n\n\n\n<p>El CC-19 brindar\u00e1 atenci\u00f3n de lunes a viernes de 7.30 a 13.30 horas en Ituzaing\u00f3 979.<\/p>\n\n\n\n<p>Para consultas dentro de estos horarios sigue disponible el 3329 315000 n\u00famero de las cuadrillas y durante las 24 horas pueden comunicarse al 107.<\/p>\n\n\n\n<p>Estos horarios podr\u00e1n ser modificados nuevamente en caso de que la situaci\u00f3n as\u00ed lo requiera.<\/p>\n","protected":false},"excerpt":{"rendered":"<p>La Secretaria de Salud de la Municipalidad de San Pedro informa que desde ma\u00f1ana martes 16, el Centro Covid-19 funcionar\u00e1 con un nuevo horario, de acuerdo a la situaci\u00f3n general de los \u00faltimos d\u00edas. El CC-19 brindar\u00e1 atenci\u00f3n de lunes a viernes de 7.30 a 13.30 horas en Ituzaing\u00f3 979. Para consultas dentro de estos [&hellip;]<\/p>\n","protected":false},"author":4,"featured_media":101192,"comment_status":"closed","ping_status":"closed","sticky":false,"template":"","format":"standard","meta":{"om_disable_all_campaigns":false,"_jetpack_memberships_contains_paid_content":false,"footnotes":""},"categories":[101,2],"tags":[],"class_list":["post-101498","post","type-post","status-publish","format-standard","has-post-thumbnail","hentry","category-interes-general-locales","category-locales"],"aioseo_notices":[],"gutentor_comment":0,"jetpack_featured_media_url":"https:\/\/eldiariodesanpedro.com.ar\/sitio\/wp-content\/uploads\/2021\/11\/116878664_3190871337674186_252574751331187169_n.jpg","jetpack_shortlink":"https:\/\/wp.me\/p6RhLt-qp4","jetpack_sharing_enabled":true,"_links":{"self":[{"href":"https:\/\/eldiariodesanpedro.com.ar\/sitio\/wp-json\/wp\/v2\/posts\/101498","targetHints":{"allow":["GET"]}}],"collection":[{"href":"https:\/\/eldiariodesanpedro.com.ar\/sitio\/wp-json\/wp\/v2\/posts"}],"about":[{"href":"https:\/\/eldiariodesanpedro.com.ar\/sitio\/wp-json\/wp\/v2\/types\/post"}],"author":[{"embeddable":true,"href":"https:\/\/eldiariodesanpedro.com.ar\/sitio\/wp-json\/wp\/v2\/users\/4"}],"replies":[{"embeddable":true,"href":"https:\/\/eldiariodesanpedro.com.ar\/sitio\/wp-json\/wp\/v2\/comments?post=101498"}],"version-history":[{"count":1,"href":"https:\/\/eldiariodesanpedro.com.ar\/sitio\/wp-json\/wp\/v2\/posts\/101498\/revisions"}],"predecessor-version":[{"id":101499,"href":"https:\/\/eldiariodesanpedro.com.ar\/sitio\/wp-json\/wp\/v2\/posts\/101498\/revisions\/101499"}],"wp:featuredmedia":[{"embeddable":true,"href":"https:\/\/eldiariodesanpedro.com.ar\/sitio\/wp-json\/wp\/v2\/media\/101192"}],"wp:attachment":[{"href":"https:\/\/eldiariodesanpedro.com.ar\/sitio\/wp-json\/wp\/v2\/media?parent=101498"}],"wp:term":[{"taxonomy":"category","embeddable":true,"href":"https:\/\/eldiariodesanpedro.com.ar\/sitio\/wp-json\/wp\/v2\/categories?post=101498"},{"taxonomy":"post_tag","embeddable":true,"href":"https:\/\/eldiariodesanpedro.com.ar\/sitio\/wp-json\/wp\/v2\/tags?post=101498"}],"curies":[{"name":"wp","href":"https:\/\/api.w.org\/{rel}","templated":true}]}}