{"id":101494,"date":"2021-11-15T10:17:16","date_gmt":"2021-11-15T13:17:16","guid":{"rendered":"https:\/\/eldiariodesanpedro.com.ar\/sitio\/?p=101494"},"modified":"2021-11-15T10:17:20","modified_gmt":"2021-11-15T13:17:20","slug":"corte-parcial-de-ruta-1001-por-tareas-de-alcantarillado-manana-martes-16-desde-las-8-hs","status":"publish","type":"post","link":"https:\/\/eldiariodesanpedro.com.ar\/sitio\/corte-parcial-de-ruta-1001-por-tareas-de-alcantarillado-manana-martes-16-desde-las-8-hs\/","title":{"rendered":"Corte parcial de Ruta 1001 por tareas de alcantarillado, ma\u00f1ana martes 16 desde las 8 hs"},"content":{"rendered":"<!-- VideographyWP Plugin Message: Automatic video embedding prevented by plugin options. -->\n\n<p>La Secretar\u00eda de Obras P\u00fablicas de la Municipalidad de San Pedro informa que se ha coordinado con la Direcci\u00f3n Nacional de Vialidad de la Provincia de Buenos Aires un corte y desv\u00edo de circulaci\u00f3n de veh\u00edculos para la realizaci\u00f3n de tareas relacionadas con el inicio de las obras de alcantarillado en el cruce de la Ruta Provincial 1001 y Crucero General Belgrano.<\/p>\n\n\n\n<p>La acci\u00f3n se llevar\u00e1 a cabo desde ma\u00f1ana martes 16 de noviembre a las 8 en ambos sentidos de la R. P. N\u00ba1001 (Juan B. Justo) y estar\u00e1 a cargo de la empresa PF Compa\u00f1\u00eda Constructora S. A.<\/p>\n\n\n\n<p>Se recomienda a quienes deban transitar por el lugar atender la se\u00f1alizaci\u00f3n con la que se ordenar\u00e1 la circulaci\u00f3n mientras duren los trabajos que se extender\u00e1n por 10 d\u00edas de acuerdo a las condiciones clim\u00e1ticas.<\/p>\n\n\n\n<figure class=\"wp-block-image size-full\"><img decoding=\"async\" width=\"717\" height=\"369\" data-attachment-id=\"101496\" data-permalink=\"https:\/\/eldiariodesanpedro.com.ar\/sitio\/corte-parcial-de-ruta-1001-por-tareas-de-alcantarillado-manana-martes-16-desde-las-8-hs\/whatsapp-image-2021-11-15-at-07-34-27\/\" data-orig-file=\"https:\/\/eldiariodesanpedro.com.ar\/sitio\/wp-content\/uploads\/2021\/11\/WhatsApp-Image-2021-11-15-at-07.34.27.jpeg\" data-orig-size=\"717,369\" data-comments-opened=\"0\" data-image-meta=\"{&quot;aperture&quot;:&quot;0&quot;,&quot;credit&quot;:&quot;&quot;,&quot;camera&quot;:&quot;&quot;,&quot;caption&quot;:&quot;&quot;,&quot;created_timestamp&quot;:&quot;0&quot;,&quot;copyright&quot;:&quot;&quot;,&quot;focal_length&quot;:&quot;0&quot;,&quot;iso&quot;:&quot;0&quot;,&quot;shutter_speed&quot;:&quot;0&quot;,&quot;title&quot;:&quot;&quot;,&quot;orientation&quot;:&quot;0&quot;}\" data-image-title=\"WhatsApp Image 2021-11-15 at 07.34.27\" data-image-description=\"\" data-image-caption=\"\" data-large-file=\"https:\/\/eldiariodesanpedro.com.ar\/sitio\/wp-content\/uploads\/2021\/11\/WhatsApp-Image-2021-11-15-at-07.34.27.jpeg\" data-src=\"https:\/\/eldiariodesanpedro.com.ar\/sitio\/wp-content\/uploads\/2021\/11\/WhatsApp-Image-2021-11-15-at-07.34.27.jpeg\" alt=\"\" class=\"wp-image-101496 lazyload\" data-srcset=\"https:\/\/eldiariodesanpedro.com.ar\/sitio\/wp-content\/uploads\/2021\/11\/WhatsApp-Image-2021-11-15-at-07.34.27.jpeg 717w, https:\/\/eldiariodesanpedro.com.ar\/sitio\/wp-content\/uploads\/2021\/11\/WhatsApp-Image-2021-11-15-at-07.34.27-300x154.jpeg 300w\" data-sizes=\"(max-width: 717px) 100vw, 717px\" src=\"data:image\/svg+xml;base64,PHN2ZyB3aWR0aD0iMSIgaGVpZ2h0PSIxIiB4bWxucz0iaHR0cDovL3d3dy53My5vcmcvMjAwMC9zdmciPjwvc3ZnPg==\" style=\"--smush-placeholder-width: 717px; --smush-placeholder-aspect-ratio: 717\/369;\" \/><\/figure>\n","protected":false},"excerpt":{"rendered":"<p>La Secretar\u00eda de Obras P\u00fablicas de la Municipalidad de San Pedro informa que se ha coordinado con la Direcci\u00f3n Nacional de Vialidad de la Provincia de Buenos Aires un corte y desv\u00edo de circulaci\u00f3n de veh\u00edculos para la realizaci\u00f3n de tareas relacionadas con el inicio de las obras de alcantarillado en el cruce de la [&hellip;]<\/p>\n","protected":false},"author":4,"featured_media":101495,"comment_status":"closed","ping_status":"closed","sticky":false,"template":"","format":"standard","meta":{"om_disable_all_campaigns":false,"_jetpack_memberships_contains_paid_content":false,"footnotes":""},"categories":[50,101,2],"tags":[],"class_list":["post-101494","post","type-post","status-publish","format-standard","has-post-thumbnail","hentry","category-destacadas","category-interes-general-locales","category-locales"],"aioseo_notices":[],"gutentor_comment":0,"jetpack_featured_media_url":"https:\/\/eldiariodesanpedro.com.ar\/sitio\/wp-content\/uploads\/2021\/11\/WhatsApp-Image-2021-11-15-at-07.34.26.jpeg","jetpack_shortlink":"https:\/\/wp.me\/p6RhLt-qp0","jetpack_sharing_enabled":true,"_links":{"self":[{"href":"https:\/\/eldiariodesanpedro.com.ar\/sitio\/wp-json\/wp\/v2\/posts\/101494","targetHints":{"allow":["GET"]}}],"collection":[{"href":"https:\/\/eldiariodesanpedro.com.ar\/sitio\/wp-json\/wp\/v2\/posts"}],"about":[{"href":"https:\/\/eldiariodesanpedro.com.ar\/sitio\/wp-json\/wp\/v2\/types\/post"}],"author":[{"embeddable":true,"href":"https:\/\/eldiariodesanpedro.com.ar\/sitio\/wp-json\/wp\/v2\/users\/4"}],"replies":[{"embeddable":true,"href":"https:\/\/eldiariodesanpedro.com.ar\/sitio\/wp-json\/wp\/v2\/comments?post=101494"}],"version-history":[{"count":1,"href":"https:\/\/eldiariodesanpedro.com.ar\/sitio\/wp-json\/wp\/v2\/posts\/101494\/revisions"}],"predecessor-version":[{"id":101497,"href":"https:\/\/eldiariodesanpedro.com.ar\/sitio\/wp-json\/wp\/v2\/posts\/101494\/revisions\/101497"}],"wp:featuredmedia":[{"embeddable":true,"href":"https:\/\/eldiariodesanpedro.com.ar\/sitio\/wp-json\/wp\/v2\/media\/101495"}],"wp:attachment":[{"href":"https:\/\/eldiariodesanpedro.com.ar\/sitio\/wp-json\/wp\/v2\/media?parent=101494"}],"wp:term":[{"taxonomy":"category","embeddable":true,"href":"https:\/\/eldiariodesanpedro.com.ar\/sitio\/wp-json\/wp\/v2\/categories?post=101494"},{"taxonomy":"post_tag","embeddable":true,"href":"https:\/\/eldiariodesanpedro.com.ar\/sitio\/wp-json\/wp\/v2\/tags?post=101494"}],"curies":[{"name":"wp","href":"https:\/\/api.w.org\/{rel}","templated":true}]}}