{"id":101477,"date":"2021-11-14T19:31:09","date_gmt":"2021-11-14T22:31:09","guid":{"rendered":"https:\/\/eldiariodesanpedro.com.ar\/sitio\/?p=101477"},"modified":"2021-11-14T19:31:12","modified_gmt":"2021-11-14T22:31:12","slug":"martin-rivas-se-afirma-como-la-tercera-fuerza-con-un-promedio-de-alrededor-de-los-9-a-pocos-votos-de-poder-ingresar-como-concejal","status":"publish","type":"post","link":"https:\/\/eldiariodesanpedro.com.ar\/sitio\/martin-rivas-se-afirma-como-la-tercera-fuerza-con-un-promedio-de-alrededor-de-los-9-a-pocos-votos-de-poder-ingresar-como-concejal\/","title":{"rendered":"Martin Rivas se afirma como la tercera fuerza con un promedio de alrededor de los 9% a pocos votos de poder ingresar como concejal"},"content":{"rendered":"<!-- VideographyWP Plugin Message: Automatic video embedding prevented by plugin options. -->\n\n<p>Este domingo tras el cierre de los comicios y un empate t\u00e9cnico en menos de un punto entre Basso y Creus contando voto a voto, pero en tercer lugar estar\u00e1 Avanza Libertad con porcentaje de alrededor de 9% pero hay que tener en cuenta necesitar\u00eda llegar al 11% para poder ingresar como concejal.<\/p>\n\n\n\n<p>De cualquier manera los resultados son parciales y los oficiales estar\u00e1n para las 21 hs.<\/p>\n","protected":false},"excerpt":{"rendered":"<p>Este domingo tras el cierre de los comicios y un empate t\u00e9cnico en menos de un punto entre Basso y Creus contando voto a voto, pero en tercer lugar estar\u00e1 Avanza Libertad con porcentaje de alrededor de 9% pero hay que tener en cuenta necesitar\u00eda llegar al 11% para poder ingresar como concejal. De cualquier [&hellip;]<\/p>\n","protected":false},"author":4,"featured_media":101478,"comment_status":"closed","ping_status":"closed","sticky":false,"template":"","format":"standard","meta":{"om_disable_all_campaigns":false,"_jetpack_memberships_contains_paid_content":false,"footnotes":""},"categories":[50,101,2],"tags":[],"class_list":["post-101477","post","type-post","status-publish","format-standard","has-post-thumbnail","hentry","category-destacadas","category-interes-general-locales","category-locales"],"aioseo_notices":[],"gutentor_comment":0,"jetpack_featured_media_url":"https:\/\/eldiariodesanpedro.com.ar\/sitio\/wp-content\/uploads\/2021\/11\/20211103_101008-scaled.jpg","jetpack_shortlink":"https:\/\/wp.me\/p6RhLt-qoJ","jetpack_sharing_enabled":true,"_links":{"self":[{"href":"https:\/\/eldiariodesanpedro.com.ar\/sitio\/wp-json\/wp\/v2\/posts\/101477","targetHints":{"allow":["GET"]}}],"collection":[{"href":"https:\/\/eldiariodesanpedro.com.ar\/sitio\/wp-json\/wp\/v2\/posts"}],"about":[{"href":"https:\/\/eldiariodesanpedro.com.ar\/sitio\/wp-json\/wp\/v2\/types\/post"}],"author":[{"embeddable":true,"href":"https:\/\/eldiariodesanpedro.com.ar\/sitio\/wp-json\/wp\/v2\/users\/4"}],"replies":[{"embeddable":true,"href":"https:\/\/eldiariodesanpedro.com.ar\/sitio\/wp-json\/wp\/v2\/comments?post=101477"}],"version-history":[{"count":1,"href":"https:\/\/eldiariodesanpedro.com.ar\/sitio\/wp-json\/wp\/v2\/posts\/101477\/revisions"}],"predecessor-version":[{"id":101479,"href":"https:\/\/eldiariodesanpedro.com.ar\/sitio\/wp-json\/wp\/v2\/posts\/101477\/revisions\/101479"}],"wp:featuredmedia":[{"embeddable":true,"href":"https:\/\/eldiariodesanpedro.com.ar\/sitio\/wp-json\/wp\/v2\/media\/101478"}],"wp:attachment":[{"href":"https:\/\/eldiariodesanpedro.com.ar\/sitio\/wp-json\/wp\/v2\/media?parent=101477"}],"wp:term":[{"taxonomy":"category","embeddable":true,"href":"https:\/\/eldiariodesanpedro.com.ar\/sitio\/wp-json\/wp\/v2\/categories?post=101477"},{"taxonomy":"post_tag","embeddable":true,"href":"https:\/\/eldiariodesanpedro.com.ar\/sitio\/wp-json\/wp\/v2\/tags?post=101477"}],"curies":[{"name":"wp","href":"https:\/\/api.w.org\/{rel}","templated":true}]}}