{"id":101474,"date":"2021-11-14T19:17:14","date_gmt":"2021-11-14T22:17:14","guid":{"rendered":"https:\/\/eldiariodesanpedro.com.ar\/sitio\/?p=101474"},"modified":"2021-11-14T19:17:16","modified_gmt":"2021-11-14T22:17:16","slug":"cerraron-los-comicios-pero-creus-y-basso-estan-cabeza-a-cabeza-para-ver-quien-gana-estas-elecciones","status":"publish","type":"post","link":"https:\/\/eldiariodesanpedro.com.ar\/sitio\/cerraron-los-comicios-pero-creus-y-basso-estan-cabeza-a-cabeza-para-ver-quien-gana-estas-elecciones\/","title":{"rendered":"Cerraron los comicios, pero Creus y Basso est\u00e1n cabeza a cabeza para ver quien gana estas elecciones"},"content":{"rendered":"<!-- VideographyWP Plugin Message: Automatic video embedding prevented by plugin options. -->\n\n<p>A las 18 hs cerraron los comicios y en los primeros resultados dar\u00edan un virtual empate entre&nbsp; el Frente de Todos que lidera Daniel Creus y Juntos liderado por Paola Basso, en tercer lugar estar\u00eda Mart\u00edn Riva con Avanza Libertad que est\u00e1 a pocas d\u00e9cimas de ingresar al concejo deliberante. .&nbsp;<\/p>\n\n\n\n<p>Tras largos comicios durante el d\u00eda y con un porcentaje de alrededor de 72 % de votantes se disputan el primer lugar entre la lista encabezada por Paola Basso y Daniel Creus, con un alrededor de 37% para cada uno y Martin Rivas con un 9 %.<\/p>\n\n\n\n<p>Los resultados oficiales estar\u00e1n para las 21 hs a trav\u00e9s de la aplicaci\u00f3n de elecciones.<\/p>\n","protected":false},"excerpt":{"rendered":"<p>A las 18 hs cerraron los comicios y en los primeros resultados dar\u00edan un virtual empate entre&nbsp; el Frente de Todos que lidera Daniel Creus y Juntos liderado por Paola Basso, en tercer lugar estar\u00eda Mart\u00edn Riva con Avanza Libertad que est\u00e1 a pocas d\u00e9cimas de ingresar al concejo deliberante. .&nbsp; Tras largos comicios durante [&hellip;]<\/p>\n","protected":false},"author":4,"featured_media":101475,"comment_status":"closed","ping_status":"closed","sticky":false,"template":"","format":"standard","meta":{"om_disable_all_campaigns":false,"_jetpack_memberships_contains_paid_content":false,"footnotes":""},"categories":[50,101,2],"tags":[],"class_list":["post-101474","post","type-post","status-publish","format-standard","has-post-thumbnail","hentry","category-destacadas","category-interes-general-locales","category-locales"],"aioseo_notices":[],"gutentor_comment":0,"jetpack_featured_media_url":"https:\/\/eldiariodesanpedro.com.ar\/sitio\/wp-content\/uploads\/2021\/11\/Sin-titulo-2.jpg","jetpack_shortlink":"https:\/\/wp.me\/p6RhLt-qoG","jetpack_sharing_enabled":true,"_links":{"self":[{"href":"https:\/\/eldiariodesanpedro.com.ar\/sitio\/wp-json\/wp\/v2\/posts\/101474","targetHints":{"allow":["GET"]}}],"collection":[{"href":"https:\/\/eldiariodesanpedro.com.ar\/sitio\/wp-json\/wp\/v2\/posts"}],"about":[{"href":"https:\/\/eldiariodesanpedro.com.ar\/sitio\/wp-json\/wp\/v2\/types\/post"}],"author":[{"embeddable":true,"href":"https:\/\/eldiariodesanpedro.com.ar\/sitio\/wp-json\/wp\/v2\/users\/4"}],"replies":[{"embeddable":true,"href":"https:\/\/eldiariodesanpedro.com.ar\/sitio\/wp-json\/wp\/v2\/comments?post=101474"}],"version-history":[{"count":1,"href":"https:\/\/eldiariodesanpedro.com.ar\/sitio\/wp-json\/wp\/v2\/posts\/101474\/revisions"}],"predecessor-version":[{"id":101476,"href":"https:\/\/eldiariodesanpedro.com.ar\/sitio\/wp-json\/wp\/v2\/posts\/101474\/revisions\/101476"}],"wp:featuredmedia":[{"embeddable":true,"href":"https:\/\/eldiariodesanpedro.com.ar\/sitio\/wp-json\/wp\/v2\/media\/101475"}],"wp:attachment":[{"href":"https:\/\/eldiariodesanpedro.com.ar\/sitio\/wp-json\/wp\/v2\/media?parent=101474"}],"wp:term":[{"taxonomy":"category","embeddable":true,"href":"https:\/\/eldiariodesanpedro.com.ar\/sitio\/wp-json\/wp\/v2\/categories?post=101474"},{"taxonomy":"post_tag","embeddable":true,"href":"https:\/\/eldiariodesanpedro.com.ar\/sitio\/wp-json\/wp\/v2\/tags?post=101474"}],"curies":[{"name":"wp","href":"https:\/\/api.w.org\/{rel}","templated":true}]}}