{"id":101431,"date":"2021-11-12T09:41:49","date_gmt":"2021-11-12T12:41:49","guid":{"rendered":"https:\/\/eldiariodesanpedro.com.ar\/sitio\/?p=101431"},"modified":"2021-11-12T09:41:53","modified_gmt":"2021-11-12T12:41:53","slug":"el-frente-de-todos-cerro-campana-con-un-acto-encabezado-por-salazar","status":"publish","type":"post","link":"https:\/\/eldiariodesanpedro.com.ar\/sitio\/el-frente-de-todos-cerro-campana-con-un-acto-encabezado-por-salazar\/","title":{"rendered":"El Frente de Todos cerr\u00f3 campa\u00f1a con un acto encabezado por Salazar"},"content":{"rendered":"<!-- VideographyWP Plugin Message: Automatic video embedding prevented by plugin options. -->\n\n<p>La multitudinaria reuni\u00f3n se desarroll\u00f3 en el complejo Mansa Lyfe y tuvo la participaci\u00f3n de los principales integrantes de la lista.<\/p>\n\n\n\n<p>El Frente de Todos cerr\u00f3 campa\u00f1a con un multitudinario acto desarrollado en el complejo Mansa Lyfe, en la costanera sampedrina.<\/p>\n\n\n\n<p>El mismo fue encabezado por el candidato a disputado provincial Cecilio Salazar, quien estuvo acompa\u00f1ado por el hist\u00f3rico dirigente Nelson Vlaeminck, y los principales candidatos de la lista, Daniel Creus y Candelaria Cuscuela.<\/p>\n\n\n\n<p>Cada uno le dio valor a la unidad que se conform\u00f3 tras las Paso e invit\u00f3 a acompa\u00f1ar con el voto el pr\u00f3ximo domingo.<\/p>\n\n\n\n<p>El escenario estuvo montado sobre el margen de la playa enmarcado por las banderas, c\u00e1nticos y la euforia esperada en cada cierre de campa\u00f1a.<\/p>\n","protected":false},"excerpt":{"rendered":"<p>La multitudinaria reuni\u00f3n se desarroll\u00f3 en el complejo Mansa Lyfe y tuvo la participaci\u00f3n de los principales integrantes de la lista. El Frente de Todos cerr\u00f3 campa\u00f1a con un multitudinario acto desarrollado en el complejo Mansa Lyfe, en la costanera sampedrina. El mismo fue encabezado por el candidato a disputado provincial Cecilio Salazar, quien estuvo [&hellip;]<\/p>\n","protected":false},"author":4,"featured_media":101432,"comment_status":"closed","ping_status":"closed","sticky":false,"template":"","format":"standard","meta":{"om_disable_all_campaigns":false,"_jetpack_memberships_contains_paid_content":false,"footnotes":""},"categories":[50,101,2],"tags":[],"class_list":["post-101431","post","type-post","status-publish","format-standard","has-post-thumbnail","hentry","category-destacadas","category-interes-general-locales","category-locales"],"aioseo_notices":[],"gutentor_comment":0,"jetpack_featured_media_url":"https:\/\/eldiariodesanpedro.com.ar\/sitio\/wp-content\/uploads\/2021\/11\/0000020483-resized-1920x1080-1.jpeg","jetpack_shortlink":"https:\/\/wp.me\/p6RhLt-qnZ","jetpack_sharing_enabled":true,"_links":{"self":[{"href":"https:\/\/eldiariodesanpedro.com.ar\/sitio\/wp-json\/wp\/v2\/posts\/101431","targetHints":{"allow":["GET"]}}],"collection":[{"href":"https:\/\/eldiariodesanpedro.com.ar\/sitio\/wp-json\/wp\/v2\/posts"}],"about":[{"href":"https:\/\/eldiariodesanpedro.com.ar\/sitio\/wp-json\/wp\/v2\/types\/post"}],"author":[{"embeddable":true,"href":"https:\/\/eldiariodesanpedro.com.ar\/sitio\/wp-json\/wp\/v2\/users\/4"}],"replies":[{"embeddable":true,"href":"https:\/\/eldiariodesanpedro.com.ar\/sitio\/wp-json\/wp\/v2\/comments?post=101431"}],"version-history":[{"count":1,"href":"https:\/\/eldiariodesanpedro.com.ar\/sitio\/wp-json\/wp\/v2\/posts\/101431\/revisions"}],"predecessor-version":[{"id":101433,"href":"https:\/\/eldiariodesanpedro.com.ar\/sitio\/wp-json\/wp\/v2\/posts\/101431\/revisions\/101433"}],"wp:featuredmedia":[{"embeddable":true,"href":"https:\/\/eldiariodesanpedro.com.ar\/sitio\/wp-json\/wp\/v2\/media\/101432"}],"wp:attachment":[{"href":"https:\/\/eldiariodesanpedro.com.ar\/sitio\/wp-json\/wp\/v2\/media?parent=101431"}],"wp:term":[{"taxonomy":"category","embeddable":true,"href":"https:\/\/eldiariodesanpedro.com.ar\/sitio\/wp-json\/wp\/v2\/categories?post=101431"},{"taxonomy":"post_tag","embeddable":true,"href":"https:\/\/eldiariodesanpedro.com.ar\/sitio\/wp-json\/wp\/v2\/tags?post=101431"}],"curies":[{"name":"wp","href":"https:\/\/api.w.org\/{rel}","templated":true}]}}