{"id":101428,"date":"2021-11-12T09:35:39","date_gmt":"2021-11-12T12:35:39","guid":{"rendered":"https:\/\/eldiariodesanpedro.com.ar\/sitio\/?p=101428"},"modified":"2021-11-12T09:35:41","modified_gmt":"2021-11-12T12:35:41","slug":"reconocimiento-a-los-participantes-de-los-juegos-bonaerenses-2021-2","status":"publish","type":"post","link":"https:\/\/eldiariodesanpedro.com.ar\/sitio\/reconocimiento-a-los-participantes-de-los-juegos-bonaerenses-2021-2\/","title":{"rendered":"Reconocimiento a los participantes de los Juegos Bonaerenses 2021"},"content":{"rendered":"<!-- VideographyWP Plugin Message: Automatic video embedding prevented by plugin options. -->\n\n<p>La Direcci\u00f3n de Deportes de la Municipalidad de San Pedro llev\u00f3 a cabo un reconocimiento a todos los participantes de las diferentes disciplinas y etapas que se desarrollaron durante los Juegos Bonaerenses 2021.<\/p>\n\n\n\n<p>El reconocimiento abarc\u00f3 a los participantes de la etapa municipal, quienes luego representaron a la ciudad en la etapa regional, semifinal y final provincial de la hist\u00f3rica competencia deportiva y cultural que este a\u00f1o cumpli\u00f3 30 ediciones ininterrumpidas y que se celebr\u00f3 con el retorno a la presencialidad en la ciudad de Mar del Plata.<\/p>\n\n\n\n<figure class=\"wp-block-image size-full\"><img decoding=\"async\" width=\"960\" height=\"720\" data-attachment-id=\"101423\" data-permalink=\"https:\/\/eldiariodesanpedro.com.ar\/sitio\/reconocimiento-a-los-participantes-de-los-juegos-bonaerenses-2021\/whatsapp-image-2021-11-12-at-09-05-03\/\" data-orig-file=\"https:\/\/eldiariodesanpedro.com.ar\/sitio\/wp-content\/uploads\/2021\/11\/WhatsApp-Image-2021-11-12-at-09.05.03.jpeg\" data-orig-size=\"960,720\" data-comments-opened=\"0\" data-image-meta=\"{&quot;aperture&quot;:&quot;0&quot;,&quot;credit&quot;:&quot;&quot;,&quot;camera&quot;:&quot;&quot;,&quot;caption&quot;:&quot;&quot;,&quot;created_timestamp&quot;:&quot;0&quot;,&quot;copyright&quot;:&quot;&quot;,&quot;focal_length&quot;:&quot;0&quot;,&quot;iso&quot;:&quot;0&quot;,&quot;shutter_speed&quot;:&quot;0&quot;,&quot;title&quot;:&quot;&quot;,&quot;orientation&quot;:&quot;0&quot;}\" data-image-title=\"WhatsApp Image 2021-11-12 at 09.05.03\" data-image-description=\"\" data-image-caption=\"\" data-large-file=\"https:\/\/eldiariodesanpedro.com.ar\/sitio\/wp-content\/uploads\/2021\/11\/WhatsApp-Image-2021-11-12-at-09.05.03.jpeg\" data-src=\"https:\/\/eldiariodesanpedro.com.ar\/sitio\/wp-content\/uploads\/2021\/11\/WhatsApp-Image-2021-11-12-at-09.05.03.jpeg\" alt=\"\" class=\"wp-image-101423 lazyload\" data-srcset=\"https:\/\/eldiariodesanpedro.com.ar\/sitio\/wp-content\/uploads\/2021\/11\/WhatsApp-Image-2021-11-12-at-09.05.03.jpeg 960w, https:\/\/eldiariodesanpedro.com.ar\/sitio\/wp-content\/uploads\/2021\/11\/WhatsApp-Image-2021-11-12-at-09.05.03-300x225.jpeg 300w, https:\/\/eldiariodesanpedro.com.ar\/sitio\/wp-content\/uploads\/2021\/11\/WhatsApp-Image-2021-11-12-at-09.05.03-768x576.jpeg 768w, https:\/\/eldiariodesanpedro.com.ar\/sitio\/wp-content\/uploads\/2021\/11\/WhatsApp-Image-2021-11-12-at-09.05.03-500x375.jpeg 500w\" data-sizes=\"(max-width: 960px) 100vw, 960px\" src=\"data:image\/svg+xml;base64,PHN2ZyB3aWR0aD0iMSIgaGVpZ2h0PSIxIiB4bWxucz0iaHR0cDovL3d3dy53My5vcmcvMjAwMC9zdmciPjwvc3ZnPg==\" style=\"--smush-placeholder-width: 960px; --smush-placeholder-aspect-ratio: 960\/720;\" \/><\/figure>\n\n\n\n<figure class=\"wp-block-image size-full\"><img decoding=\"async\" width=\"960\" height=\"720\" data-attachment-id=\"101424\" data-permalink=\"https:\/\/eldiariodesanpedro.com.ar\/sitio\/reconocimiento-a-los-participantes-de-los-juegos-bonaerenses-2021\/whatsapp-image-2021-11-12-at-09-05-04\/\" data-orig-file=\"https:\/\/eldiariodesanpedro.com.ar\/sitio\/wp-content\/uploads\/2021\/11\/WhatsApp-Image-2021-11-12-at-09.05.04.jpeg\" data-orig-size=\"960,720\" data-comments-opened=\"0\" data-image-meta=\"{&quot;aperture&quot;:&quot;0&quot;,&quot;credit&quot;:&quot;&quot;,&quot;camera&quot;:&quot;&quot;,&quot;caption&quot;:&quot;&quot;,&quot;created_timestamp&quot;:&quot;0&quot;,&quot;copyright&quot;:&quot;&quot;,&quot;focal_length&quot;:&quot;0&quot;,&quot;iso&quot;:&quot;0&quot;,&quot;shutter_speed&quot;:&quot;0&quot;,&quot;title&quot;:&quot;&quot;,&quot;orientation&quot;:&quot;0&quot;}\" data-image-title=\"WhatsApp Image 2021-11-12 at 09.05.04\" data-image-description=\"\" data-image-caption=\"\" data-large-file=\"https:\/\/eldiariodesanpedro.com.ar\/sitio\/wp-content\/uploads\/2021\/11\/WhatsApp-Image-2021-11-12-at-09.05.04.jpeg\" data-src=\"https:\/\/eldiariodesanpedro.com.ar\/sitio\/wp-content\/uploads\/2021\/11\/WhatsApp-Image-2021-11-12-at-09.05.04.jpeg\" alt=\"\" class=\"wp-image-101424 lazyload\" data-srcset=\"https:\/\/eldiariodesanpedro.com.ar\/sitio\/wp-content\/uploads\/2021\/11\/WhatsApp-Image-2021-11-12-at-09.05.04.jpeg 960w, https:\/\/eldiariodesanpedro.com.ar\/sitio\/wp-content\/uploads\/2021\/11\/WhatsApp-Image-2021-11-12-at-09.05.04-300x225.jpeg 300w, https:\/\/eldiariodesanpedro.com.ar\/sitio\/wp-content\/uploads\/2021\/11\/WhatsApp-Image-2021-11-12-at-09.05.04-768x576.jpeg 768w, https:\/\/eldiariodesanpedro.com.ar\/sitio\/wp-content\/uploads\/2021\/11\/WhatsApp-Image-2021-11-12-at-09.05.04-500x375.jpeg 500w\" data-sizes=\"(max-width: 960px) 100vw, 960px\" src=\"data:image\/svg+xml;base64,PHN2ZyB3aWR0aD0iMSIgaGVpZ2h0PSIxIiB4bWxucz0iaHR0cDovL3d3dy53My5vcmcvMjAwMC9zdmciPjwvc3ZnPg==\" style=\"--smush-placeholder-width: 960px; --smush-placeholder-aspect-ratio: 960\/720;\" \/><\/figure>\n\n\n\n<figure class=\"wp-block-image size-full\"><img decoding=\"async\" width=\"960\" height=\"720\" data-attachment-id=\"101425\" data-permalink=\"https:\/\/eldiariodesanpedro.com.ar\/sitio\/reconocimiento-a-los-participantes-de-los-juegos-bonaerenses-2021\/whatsapp-image-2021-11-12-at-09-05-05-1\/\" data-orig-file=\"https:\/\/eldiariodesanpedro.com.ar\/sitio\/wp-content\/uploads\/2021\/11\/WhatsApp-Image-2021-11-12-at-09.05.05-1.jpeg\" data-orig-size=\"960,720\" data-comments-opened=\"0\" data-image-meta=\"{&quot;aperture&quot;:&quot;0&quot;,&quot;credit&quot;:&quot;&quot;,&quot;camera&quot;:&quot;&quot;,&quot;caption&quot;:&quot;&quot;,&quot;created_timestamp&quot;:&quot;0&quot;,&quot;copyright&quot;:&quot;&quot;,&quot;focal_length&quot;:&quot;0&quot;,&quot;iso&quot;:&quot;0&quot;,&quot;shutter_speed&quot;:&quot;0&quot;,&quot;title&quot;:&quot;&quot;,&quot;orientation&quot;:&quot;0&quot;}\" data-image-title=\"WhatsApp Image 2021-11-12 at 09.05.05 (1)\" data-image-description=\"\" data-image-caption=\"\" data-large-file=\"https:\/\/eldiariodesanpedro.com.ar\/sitio\/wp-content\/uploads\/2021\/11\/WhatsApp-Image-2021-11-12-at-09.05.05-1.jpeg\" data-src=\"https:\/\/eldiariodesanpedro.com.ar\/sitio\/wp-content\/uploads\/2021\/11\/WhatsApp-Image-2021-11-12-at-09.05.05-1.jpeg\" alt=\"\" class=\"wp-image-101425 lazyload\" data-srcset=\"https:\/\/eldiariodesanpedro.com.ar\/sitio\/wp-content\/uploads\/2021\/11\/WhatsApp-Image-2021-11-12-at-09.05.05-1.jpeg 960w, https:\/\/eldiariodesanpedro.com.ar\/sitio\/wp-content\/uploads\/2021\/11\/WhatsApp-Image-2021-11-12-at-09.05.05-1-300x225.jpeg 300w, https:\/\/eldiariodesanpedro.com.ar\/sitio\/wp-content\/uploads\/2021\/11\/WhatsApp-Image-2021-11-12-at-09.05.05-1-768x576.jpeg 768w, https:\/\/eldiariodesanpedro.com.ar\/sitio\/wp-content\/uploads\/2021\/11\/WhatsApp-Image-2021-11-12-at-09.05.05-1-500x375.jpeg 500w\" data-sizes=\"(max-width: 960px) 100vw, 960px\" src=\"data:image\/svg+xml;base64,PHN2ZyB3aWR0aD0iMSIgaGVpZ2h0PSIxIiB4bWxucz0iaHR0cDovL3d3dy53My5vcmcvMjAwMC9zdmciPjwvc3ZnPg==\" style=\"--smush-placeholder-width: 960px; --smush-placeholder-aspect-ratio: 960\/720;\" \/><\/figure>\n\n\n\n<figure class=\"wp-block-image size-full\"><img decoding=\"async\" width=\"960\" height=\"720\" data-attachment-id=\"101426\" data-permalink=\"https:\/\/eldiariodesanpedro.com.ar\/sitio\/reconocimiento-a-los-participantes-de-los-juegos-bonaerenses-2021\/whatsapp-image-2021-11-12-at-09-05-05\/\" data-orig-file=\"https:\/\/eldiariodesanpedro.com.ar\/sitio\/wp-content\/uploads\/2021\/11\/WhatsApp-Image-2021-11-12-at-09.05.05.jpeg\" data-orig-size=\"960,720\" data-comments-opened=\"0\" data-image-meta=\"{&quot;aperture&quot;:&quot;0&quot;,&quot;credit&quot;:&quot;&quot;,&quot;camera&quot;:&quot;&quot;,&quot;caption&quot;:&quot;&quot;,&quot;created_timestamp&quot;:&quot;0&quot;,&quot;copyright&quot;:&quot;&quot;,&quot;focal_length&quot;:&quot;0&quot;,&quot;iso&quot;:&quot;0&quot;,&quot;shutter_speed&quot;:&quot;0&quot;,&quot;title&quot;:&quot;&quot;,&quot;orientation&quot;:&quot;0&quot;}\" data-image-title=\"WhatsApp Image 2021-11-12 at 09.05.05\" data-image-description=\"\" data-image-caption=\"\" data-large-file=\"https:\/\/eldiariodesanpedro.com.ar\/sitio\/wp-content\/uploads\/2021\/11\/WhatsApp-Image-2021-11-12-at-09.05.05.jpeg\" data-src=\"https:\/\/eldiariodesanpedro.com.ar\/sitio\/wp-content\/uploads\/2021\/11\/WhatsApp-Image-2021-11-12-at-09.05.05.jpeg\" alt=\"\" class=\"wp-image-101426 lazyload\" data-srcset=\"https:\/\/eldiariodesanpedro.com.ar\/sitio\/wp-content\/uploads\/2021\/11\/WhatsApp-Image-2021-11-12-at-09.05.05.jpeg 960w, https:\/\/eldiariodesanpedro.com.ar\/sitio\/wp-content\/uploads\/2021\/11\/WhatsApp-Image-2021-11-12-at-09.05.05-300x225.jpeg 300w, https:\/\/eldiariodesanpedro.com.ar\/sitio\/wp-content\/uploads\/2021\/11\/WhatsApp-Image-2021-11-12-at-09.05.05-768x576.jpeg 768w, https:\/\/eldiariodesanpedro.com.ar\/sitio\/wp-content\/uploads\/2021\/11\/WhatsApp-Image-2021-11-12-at-09.05.05-500x375.jpeg 500w\" data-sizes=\"(max-width: 960px) 100vw, 960px\" src=\"data:image\/svg+xml;base64,PHN2ZyB3aWR0aD0iMSIgaGVpZ2h0PSIxIiB4bWxucz0iaHR0cDovL3d3dy53My5vcmcvMjAwMC9zdmciPjwvc3ZnPg==\" style=\"--smush-placeholder-width: 960px; --smush-placeholder-aspect-ratio: 960\/720;\" \/><\/figure>\n","protected":false},"excerpt":{"rendered":"<p>La Direcci\u00f3n de Deportes de la Municipalidad de San Pedro llev\u00f3 a cabo un reconocimiento a todos los participantes de las diferentes disciplinas y etapas que se desarrollaron durante los Juegos Bonaerenses 2021. El reconocimiento abarc\u00f3 a los participantes de la etapa municipal, quienes luego representaron a la ciudad en la etapa regional, semifinal y [&hellip;]<\/p>\n","protected":false},"author":4,"featured_media":101422,"comment_status":"closed","ping_status":"closed","sticky":false,"template":"","format":"standard","meta":{"om_disable_all_campaigns":false,"_jetpack_memberships_contains_paid_content":false,"footnotes":""},"categories":[50,101,2],"tags":[],"class_list":["post-101428","post","type-post","status-publish","format-standard","has-post-thumbnail","hentry","category-destacadas","category-interes-general-locales","category-locales"],"aioseo_notices":[],"gutentor_comment":0,"jetpack_featured_media_url":"https:\/\/eldiariodesanpedro.com.ar\/sitio\/wp-content\/uploads\/2021\/11\/WhatsApp-Image-2021-11-12-at-09.05.02.jpeg","jetpack_shortlink":"https:\/\/wp.me\/p6RhLt-qnW","jetpack_sharing_enabled":true,"_links":{"self":[{"href":"https:\/\/eldiariodesanpedro.com.ar\/sitio\/wp-json\/wp\/v2\/posts\/101428","targetHints":{"allow":["GET"]}}],"collection":[{"href":"https:\/\/eldiariodesanpedro.com.ar\/sitio\/wp-json\/wp\/v2\/posts"}],"about":[{"href":"https:\/\/eldiariodesanpedro.com.ar\/sitio\/wp-json\/wp\/v2\/types\/post"}],"author":[{"embeddable":true,"href":"https:\/\/eldiariodesanpedro.com.ar\/sitio\/wp-json\/wp\/v2\/users\/4"}],"replies":[{"embeddable":true,"href":"https:\/\/eldiariodesanpedro.com.ar\/sitio\/wp-json\/wp\/v2\/comments?post=101428"}],"version-history":[{"count":1,"href":"https:\/\/eldiariodesanpedro.com.ar\/sitio\/wp-json\/wp\/v2\/posts\/101428\/revisions"}],"predecessor-version":[{"id":101430,"href":"https:\/\/eldiariodesanpedro.com.ar\/sitio\/wp-json\/wp\/v2\/posts\/101428\/revisions\/101430"}],"wp:featuredmedia":[{"embeddable":true,"href":"https:\/\/eldiariodesanpedro.com.ar\/sitio\/wp-json\/wp\/v2\/media\/101422"}],"wp:attachment":[{"href":"https:\/\/eldiariodesanpedro.com.ar\/sitio\/wp-json\/wp\/v2\/media?parent=101428"}],"wp:term":[{"taxonomy":"category","embeddable":true,"href":"https:\/\/eldiariodesanpedro.com.ar\/sitio\/wp-json\/wp\/v2\/categories?post=101428"},{"taxonomy":"post_tag","embeddable":true,"href":"https:\/\/eldiariodesanpedro.com.ar\/sitio\/wp-json\/wp\/v2\/tags?post=101428"}],"curies":[{"name":"wp","href":"https:\/\/api.w.org\/{rel}","templated":true}]}}