{"id":101407,"date":"2021-11-11T18:26:17","date_gmt":"2021-11-11T21:26:17","guid":{"rendered":"https:\/\/eldiariodesanpedro.com.ar\/sitio\/?p=101407"},"modified":"2021-11-11T18:26:20","modified_gmt":"2021-11-11T21:26:20","slug":"transporte-publico-gratuito-para-la-jornada-electoral","status":"publish","type":"post","link":"https:\/\/eldiariodesanpedro.com.ar\/sitio\/transporte-publico-gratuito-para-la-jornada-electoral\/","title":{"rendered":"Transporte p\u00fablico gratuito para la jornada electoral"},"content":{"rendered":"<!-- VideographyWP Plugin Message: Automatic video embedding prevented by plugin options. -->\n\n<p>Cumpliendo con la legislaci\u00f3n vigente, el pr\u00f3ximo domingo en el distrito de San Pedro, la empresa concesionaria del transporte p\u00fablico de pasajeros Vercelli Hermanos, brindar\u00e1 el servicio gratuito de transporte en el horario de 8 a 18 horas.<\/p>\n\n\n\n<p>A partir de la normativa del Ministerio de Transporte de la Naci\u00f3n que as\u00ed lo determina, los vecinos y vecinas que deseen desplazarse desde o hacia las localidades para cumplir con su voto, podr\u00e1n hacerlo sin costo en los horarios habituales para domingos y feriados.<\/p>\n","protected":false},"excerpt":{"rendered":"<p>Cumpliendo con la legislaci\u00f3n vigente, el pr\u00f3ximo domingo en el distrito de San Pedro, la empresa concesionaria del transporte p\u00fablico de pasajeros Vercelli Hermanos, brindar\u00e1 el servicio gratuito de transporte en el horario de 8 a 18 horas. A partir de la normativa del Ministerio de Transporte de la Naci\u00f3n que as\u00ed lo determina, los [&hellip;]<\/p>\n","protected":false},"author":4,"featured_media":101408,"comment_status":"closed","ping_status":"closed","sticky":false,"template":"","format":"standard","meta":{"om_disable_all_campaigns":false,"_jetpack_memberships_contains_paid_content":false,"footnotes":""},"categories":[101,2],"tags":[],"class_list":["post-101407","post","type-post","status-publish","format-standard","has-post-thumbnail","hentry","category-interes-general-locales","category-locales"],"aioseo_notices":[],"gutentor_comment":0,"jetpack_featured_media_url":"https:\/\/eldiariodesanpedro.com.ar\/sitio\/wp-content\/uploads\/2021\/11\/WhatsApp-Image-2021-11-11-at-17.14.51.jpeg","jetpack_shortlink":"https:\/\/wp.me\/p6RhLt-qnB","jetpack_sharing_enabled":true,"_links":{"self":[{"href":"https:\/\/eldiariodesanpedro.com.ar\/sitio\/wp-json\/wp\/v2\/posts\/101407","targetHints":{"allow":["GET"]}}],"collection":[{"href":"https:\/\/eldiariodesanpedro.com.ar\/sitio\/wp-json\/wp\/v2\/posts"}],"about":[{"href":"https:\/\/eldiariodesanpedro.com.ar\/sitio\/wp-json\/wp\/v2\/types\/post"}],"author":[{"embeddable":true,"href":"https:\/\/eldiariodesanpedro.com.ar\/sitio\/wp-json\/wp\/v2\/users\/4"}],"replies":[{"embeddable":true,"href":"https:\/\/eldiariodesanpedro.com.ar\/sitio\/wp-json\/wp\/v2\/comments?post=101407"}],"version-history":[{"count":1,"href":"https:\/\/eldiariodesanpedro.com.ar\/sitio\/wp-json\/wp\/v2\/posts\/101407\/revisions"}],"predecessor-version":[{"id":101409,"href":"https:\/\/eldiariodesanpedro.com.ar\/sitio\/wp-json\/wp\/v2\/posts\/101407\/revisions\/101409"}],"wp:featuredmedia":[{"embeddable":true,"href":"https:\/\/eldiariodesanpedro.com.ar\/sitio\/wp-json\/wp\/v2\/media\/101408"}],"wp:attachment":[{"href":"https:\/\/eldiariodesanpedro.com.ar\/sitio\/wp-json\/wp\/v2\/media?parent=101407"}],"wp:term":[{"taxonomy":"category","embeddable":true,"href":"https:\/\/eldiariodesanpedro.com.ar\/sitio\/wp-json\/wp\/v2\/categories?post=101407"},{"taxonomy":"post_tag","embeddable":true,"href":"https:\/\/eldiariodesanpedro.com.ar\/sitio\/wp-json\/wp\/v2\/tags?post=101407"}],"curies":[{"name":"wp","href":"https:\/\/api.w.org\/{rel}","templated":true}]}}