{"id":101404,"date":"2021-11-11T18:23:14","date_gmt":"2021-11-11T21:23:14","guid":{"rendered":"https:\/\/eldiariodesanpedro.com.ar\/sitio\/?p=101404"},"modified":"2021-11-11T18:23:16","modified_gmt":"2021-11-11T21:23:16","slug":"ultiman-detalles-para-la-apertura-de-la-calle-balcarce","status":"publish","type":"post","link":"https:\/\/eldiariodesanpedro.com.ar\/sitio\/ultiman-detalles-para-la-apertura-de-la-calle-balcarce\/","title":{"rendered":"Ultiman detalles para la apertura de la calle Balcarce"},"content":{"rendered":"<!-- VideographyWP Plugin Message: Automatic video embedding prevented by plugin options. -->\n\n<p>El Secretario de Coordinaci\u00f3n Ram\u00f3n Salazar, junto al Secretario de Gobierno Pablo Vlaeminck y el Secretario de Obras, Planeamiento y Catastro visitaron hoy las obras de la calle Balcarce, que en las pr\u00f3ximas horas ser\u00e1 habilitada al tr\u00e1nsito entre 25 de mayo y Mitre, de acuerdo a las nuevas caracter\u00edsticas que presenta con la colocaci\u00f3n del pavimento articulado, en la primera etapa de la reapertura que en las pr\u00f3ximas semanas tambi\u00e9n incluir\u00e1 la calle Mitre.<\/p>\n","protected":false},"excerpt":{"rendered":"<p>El Secretario de Coordinaci\u00f3n Ram\u00f3n Salazar, junto al Secretario de Gobierno Pablo Vlaeminck y el Secretario de Obras, Planeamiento y Catastro visitaron hoy las obras de la calle Balcarce, que en las pr\u00f3ximas horas ser\u00e1 habilitada al tr\u00e1nsito entre 25 de mayo y Mitre, de acuerdo a las nuevas caracter\u00edsticas que presenta con la colocaci\u00f3n [&hellip;]<\/p>\n","protected":false},"author":4,"featured_media":101405,"comment_status":"closed","ping_status":"closed","sticky":false,"template":"","format":"standard","meta":{"om_disable_all_campaigns":false,"_jetpack_memberships_contains_paid_content":false,"footnotes":""},"categories":[50,101,2],"tags":[],"class_list":["post-101404","post","type-post","status-publish","format-standard","has-post-thumbnail","hentry","category-destacadas","category-interes-general-locales","category-locales"],"aioseo_notices":[],"gutentor_comment":0,"jetpack_featured_media_url":"https:\/\/eldiariodesanpedro.com.ar\/sitio\/wp-content\/uploads\/2021\/11\/WhatsApp-Image-2021-11-11-at-16.33.20.jpeg","jetpack_shortlink":"https:\/\/wp.me\/p6RhLt-qny","jetpack_sharing_enabled":true,"_links":{"self":[{"href":"https:\/\/eldiariodesanpedro.com.ar\/sitio\/wp-json\/wp\/v2\/posts\/101404","targetHints":{"allow":["GET"]}}],"collection":[{"href":"https:\/\/eldiariodesanpedro.com.ar\/sitio\/wp-json\/wp\/v2\/posts"}],"about":[{"href":"https:\/\/eldiariodesanpedro.com.ar\/sitio\/wp-json\/wp\/v2\/types\/post"}],"author":[{"embeddable":true,"href":"https:\/\/eldiariodesanpedro.com.ar\/sitio\/wp-json\/wp\/v2\/users\/4"}],"replies":[{"embeddable":true,"href":"https:\/\/eldiariodesanpedro.com.ar\/sitio\/wp-json\/wp\/v2\/comments?post=101404"}],"version-history":[{"count":1,"href":"https:\/\/eldiariodesanpedro.com.ar\/sitio\/wp-json\/wp\/v2\/posts\/101404\/revisions"}],"predecessor-version":[{"id":101406,"href":"https:\/\/eldiariodesanpedro.com.ar\/sitio\/wp-json\/wp\/v2\/posts\/101404\/revisions\/101406"}],"wp:featuredmedia":[{"embeddable":true,"href":"https:\/\/eldiariodesanpedro.com.ar\/sitio\/wp-json\/wp\/v2\/media\/101405"}],"wp:attachment":[{"href":"https:\/\/eldiariodesanpedro.com.ar\/sitio\/wp-json\/wp\/v2\/media?parent=101404"}],"wp:term":[{"taxonomy":"category","embeddable":true,"href":"https:\/\/eldiariodesanpedro.com.ar\/sitio\/wp-json\/wp\/v2\/categories?post=101404"},{"taxonomy":"post_tag","embeddable":true,"href":"https:\/\/eldiariodesanpedro.com.ar\/sitio\/wp-json\/wp\/v2\/tags?post=101404"}],"curies":[{"name":"wp","href":"https:\/\/api.w.org\/{rel}","templated":true}]}}