{"id":101388,"date":"2021-11-11T18:08:26","date_gmt":"2021-11-11T21:08:26","guid":{"rendered":"https:\/\/eldiariodesanpedro.com.ar\/sitio\/?p=101388"},"modified":"2021-11-11T18:08:34","modified_gmt":"2021-11-11T21:08:34","slug":"con-la-promocion-de-fatima-florez-se-presentaron-las-actividades-y-espectaculos-que-se-estan-proyectando-para-la-proxima-temporada","status":"publish","type":"post","link":"https:\/\/eldiariodesanpedro.com.ar\/sitio\/con-la-promocion-de-fatima-florez-se-presentaron-las-actividades-y-espectaculos-que-se-estan-proyectando-para-la-proxima-temporada\/","title":{"rendered":"Con la promoci\u00f3n de F\u00e1tima Fl\u00f3rez se presentaron las actividades y espect\u00e1culos que se est\u00e1n proyectando para la pr\u00f3xima temporada"},"content":{"rendered":"<!-- VideographyWP Plugin Message: Automatic video embedding prevented by plugin options. -->\n\n<p>Esta ma\u00f1ana la Secretaria de Turismo y Cultura Marcela Cu\u00f1er y el Secretario de Gobierno Pablo Vlaeminck, junto a los responsables del Sal\u00f3n de Eventos Wynn, presentaron las actividades y espect\u00e1culos que se est\u00e1n proyectando para la pr\u00f3xima temporada, comenzando con la presentaci\u00f3n de F\u00e1tima Fl\u00f3rez en el Sal\u00f3n de Eventos ubicado en Crucero General Belgrano 2850 el viernes 26 de noviembre a las 21.30 hs. Las entradas se podr\u00e1n adquirir en los siguientes puntos de venta: Holly, Pardo, Caferatta, Carnicer\u00eda Corti, El Bodeg\u00f3n, Fika Accesorios, Peluquer\u00eda Acc Style de Cecilia Cajide, Estaci\u00f3n de Servicio Puma; de manera online a trav\u00e9s de <a href=\"https:\/\/fatima.tuqr.ar\/\">https:\/\/fatima.tuqr.ar\/<\/a> o llamando a TAP 3329-598925 para recibirlas en el domicilio.<\/p>\n\n\n\n<p>Los funcionarios se mostraron contentos y entusiasmados en cuanto a las ofertas art\u00edsticas que se ir\u00e1n brindando en el transcurso de la temporada, con el objetivo de que San Pedro se convierta en una de las plazas teatrales principales del pa\u00eds, generando movimiento tur\u00edstico y posibilitando el crecimiento de la ciudad.<\/p>\n\n\n\n<p>La Secretaria de Turismo y Cultura Marcela Cu\u00f1er celebr\u00f3 la inversi\u00f3n en San Pedro y destac\u00f3 que es \u201clo que quiere el Intendente\u201d. Adem\u00e1s de remarcar la importancia \u201cque en San Pedro se hagan este tipo de inversiones para nosotros es muy bueno, por eso tiene el apoyo del municipio y estamos aqu\u00ed difundiendo este primer espect\u00e1culo en Wing Eventos\u201d.<\/p>\n\n\n\n<p>Adem\u00e1s, se refiri\u00f3 a los artistas locales, que \u201cson extraordinarios y tambi\u00e9n tienen todo nuestro apoyo\u201d, remarcando que este s\u00e1bado se realizar\u00e1 una nueva funci\u00f3n en la Sala Cuarta Pared, en este caso de la obra \u201cApasionados, amor, locura y venganza\u201d.<\/p>\n\n\n\n<p>Finalmente se confirmaron algunos espect\u00e1culos que se suman a los ya programados como el de Soledad Pastorutti en el Estadio Municipal el 21 de enero por intermedio de \u201cotro esfuerzo privado\u201d, al que se les suman la presencia de Graciela Alfano y Alejandro Cupit\u00f3 durante todos los viernes de temporada y Marcelo Polino todos los s\u00e1bados. Quienes adem\u00e1s acompa\u00f1ar\u00e1n a la ciudad en la Feria Internacional de Turismo para \u201cmostrar que San Pedro ya se est\u00e1 generando una plaza teatral importante\u201d.<\/p>\n\n\n\n<div class=\"wp-block-image\"><figure class=\"aligncenter size-large\"><img decoding=\"async\" width=\"576\" height=\"1024\" data-attachment-id=\"101391\" data-permalink=\"https:\/\/eldiariodesanpedro.com.ar\/sitio\/con-la-promocion-de-fatima-florez-se-presentaron-las-actividades-y-espectaculos-que-se-estan-proyectando-para-la-proxima-temporada\/whatsapp-image-2021-11-11-at-13-49-12\/\" data-orig-file=\"https:\/\/eldiariodesanpedro.com.ar\/sitio\/wp-content\/uploads\/2021\/11\/WhatsApp-Image-2021-11-11-at-13.49.12.jpeg\" data-orig-size=\"720,1280\" data-comments-opened=\"0\" data-image-meta=\"{&quot;aperture&quot;:&quot;0&quot;,&quot;credit&quot;:&quot;&quot;,&quot;camera&quot;:&quot;&quot;,&quot;caption&quot;:&quot;&quot;,&quot;created_timestamp&quot;:&quot;0&quot;,&quot;copyright&quot;:&quot;&quot;,&quot;focal_length&quot;:&quot;0&quot;,&quot;iso&quot;:&quot;0&quot;,&quot;shutter_speed&quot;:&quot;0&quot;,&quot;title&quot;:&quot;&quot;,&quot;orientation&quot;:&quot;0&quot;}\" data-image-title=\"WhatsApp Image 2021-11-11 at 13.49.12\" data-image-description=\"\" data-image-caption=\"\" data-large-file=\"https:\/\/eldiariodesanpedro.com.ar\/sitio\/wp-content\/uploads\/2021\/11\/WhatsApp-Image-2021-11-11-at-13.49.12-576x1024.jpeg\" data-src=\"https:\/\/eldiariodesanpedro.com.ar\/sitio\/wp-content\/uploads\/2021\/11\/WhatsApp-Image-2021-11-11-at-13.49.12-576x1024.jpeg\" alt=\"\" class=\"wp-image-101391 lazyload\" data-srcset=\"https:\/\/eldiariodesanpedro.com.ar\/sitio\/wp-content\/uploads\/2021\/11\/WhatsApp-Image-2021-11-11-at-13.49.12-576x1024.jpeg 576w, https:\/\/eldiariodesanpedro.com.ar\/sitio\/wp-content\/uploads\/2021\/11\/WhatsApp-Image-2021-11-11-at-13.49.12-169x300.jpeg 169w, https:\/\/eldiariodesanpedro.com.ar\/sitio\/wp-content\/uploads\/2021\/11\/WhatsApp-Image-2021-11-11-at-13.49.12.jpeg 720w\" data-sizes=\"(max-width: 576px) 100vw, 576px\" src=\"data:image\/svg+xml;base64,PHN2ZyB3aWR0aD0iMSIgaGVpZ2h0PSIxIiB4bWxucz0iaHR0cDovL3d3dy53My5vcmcvMjAwMC9zdmciPjwvc3ZnPg==\" style=\"--smush-placeholder-width: 576px; --smush-placeholder-aspect-ratio: 576\/1024;\" \/><\/figure><\/div>\n","protected":false},"excerpt":{"rendered":"<p>Esta ma\u00f1ana la Secretaria de Turismo y Cultura Marcela Cu\u00f1er y el Secretario de Gobierno Pablo Vlaeminck, junto a los responsables del Sal\u00f3n de Eventos Wynn, presentaron las actividades y espect\u00e1culos que se est\u00e1n proyectando para la pr\u00f3xima temporada, comenzando con la presentaci\u00f3n de F\u00e1tima Fl\u00f3rez en el Sal\u00f3n de Eventos ubicado en Crucero General [&hellip;]<\/p>\n","protected":false},"author":4,"featured_media":101389,"comment_status":"closed","ping_status":"closed","sticky":false,"template":"","format":"standard","meta":{"om_disable_all_campaigns":false,"_jetpack_memberships_contains_paid_content":false,"footnotes":""},"categories":[50,101,2],"tags":[],"class_list":["post-101388","post","type-post","status-publish","format-standard","has-post-thumbnail","hentry","category-destacadas","category-interes-general-locales","category-locales"],"aioseo_notices":[],"gutentor_comment":0,"jetpack_featured_media_url":"https:\/\/eldiariodesanpedro.com.ar\/sitio\/wp-content\/uploads\/2021\/11\/WhatsApp-Image-2021-11-11-at-13.49.10.jpeg","jetpack_shortlink":"https:\/\/wp.me\/p6RhLt-qni","jetpack_sharing_enabled":true,"_links":{"self":[{"href":"https:\/\/eldiariodesanpedro.com.ar\/sitio\/wp-json\/wp\/v2\/posts\/101388","targetHints":{"allow":["GET"]}}],"collection":[{"href":"https:\/\/eldiariodesanpedro.com.ar\/sitio\/wp-json\/wp\/v2\/posts"}],"about":[{"href":"https:\/\/eldiariodesanpedro.com.ar\/sitio\/wp-json\/wp\/v2\/types\/post"}],"author":[{"embeddable":true,"href":"https:\/\/eldiariodesanpedro.com.ar\/sitio\/wp-json\/wp\/v2\/users\/4"}],"replies":[{"embeddable":true,"href":"https:\/\/eldiariodesanpedro.com.ar\/sitio\/wp-json\/wp\/v2\/comments?post=101388"}],"version-history":[{"count":1,"href":"https:\/\/eldiariodesanpedro.com.ar\/sitio\/wp-json\/wp\/v2\/posts\/101388\/revisions"}],"predecessor-version":[{"id":101392,"href":"https:\/\/eldiariodesanpedro.com.ar\/sitio\/wp-json\/wp\/v2\/posts\/101388\/revisions\/101392"}],"wp:featuredmedia":[{"embeddable":true,"href":"https:\/\/eldiariodesanpedro.com.ar\/sitio\/wp-json\/wp\/v2\/media\/101389"}],"wp:attachment":[{"href":"https:\/\/eldiariodesanpedro.com.ar\/sitio\/wp-json\/wp\/v2\/media?parent=101388"}],"wp:term":[{"taxonomy":"category","embeddable":true,"href":"https:\/\/eldiariodesanpedro.com.ar\/sitio\/wp-json\/wp\/v2\/categories?post=101388"},{"taxonomy":"post_tag","embeddable":true,"href":"https:\/\/eldiariodesanpedro.com.ar\/sitio\/wp-json\/wp\/v2\/tags?post=101388"}],"curies":[{"name":"wp","href":"https:\/\/api.w.org\/{rel}","templated":true}]}}