{"id":101385,"date":"2021-11-11T18:02:23","date_gmt":"2021-11-11T21:02:23","guid":{"rendered":"https:\/\/eldiariodesanpedro.com.ar\/sitio\/?p=101385"},"modified":"2021-11-11T18:02:25","modified_gmt":"2021-11-11T21:02:25","slug":"corte-parcial-de-ruta-1001-por-tareas-de-alcantarillado-el-proximo-martes","status":"publish","type":"post","link":"https:\/\/eldiariodesanpedro.com.ar\/sitio\/corte-parcial-de-ruta-1001-por-tareas-de-alcantarillado-el-proximo-martes\/","title":{"rendered":"Corte parcial de Ruta 1001 por tareas de alcantarillado el proximo martes"},"content":{"rendered":"<!-- VideographyWP Plugin Message: Automatic video embedding prevented by plugin options. -->\n\n<p>La Secretar\u00eda de Obras P\u00fablicas de la Municipalidad de San Pedro informa que se ha coordinado con la Direcci\u00f3n Nacional de Vialidad de la Provincia de Buenos Aires un corte y desv\u00edo de circulaci\u00f3n de veh\u00edculos para la realizaci\u00f3n de tareas relacionadas con el inicio de las obras de alcantarillado en el cruce de la Ruta Provincial 1001 y Crucero General Belgrano.<\/p>\n\n\n\n<p>La acci\u00f3n se llevar\u00e1 a cabo el martes 16 de noviembre a las 8.00 hs. en ambos sentidos de la R. P. N\u00ba1001 (Juan B. Justo) y estar\u00e1 a cargo de la empresa PF Compa\u00f1\u00eda Constructora S. A.<\/p>\n\n\n\n<p>Se recomienda a quienes deban transitar por el lugar, atender la se\u00f1alizaci\u00f3n con la que se ordenar\u00e1 la circulaci\u00f3n mientras duren los trabajos que se extender\u00e1n por 10 d\u00edas de acuerdo a las condiciones clim\u00e1ticas.<\/p>\n","protected":false},"excerpt":{"rendered":"<p>La Secretar\u00eda de Obras P\u00fablicas de la Municipalidad de San Pedro informa que se ha coordinado con la Direcci\u00f3n Nacional de Vialidad de la Provincia de Buenos Aires un corte y desv\u00edo de circulaci\u00f3n de veh\u00edculos para la realizaci\u00f3n de tareas relacionadas con el inicio de las obras de alcantarillado en el cruce de la [&hellip;]<\/p>\n","protected":false},"author":4,"featured_media":101386,"comment_status":"closed","ping_status":"closed","sticky":false,"template":"","format":"standard","meta":{"om_disable_all_campaigns":false,"_jetpack_memberships_contains_paid_content":false,"footnotes":""},"categories":[50,101,2],"tags":[],"class_list":["post-101385","post","type-post","status-publish","format-standard","has-post-thumbnail","hentry","category-destacadas","category-interes-general-locales","category-locales"],"aioseo_notices":[],"gutentor_comment":0,"jetpack_featured_media_url":"https:\/\/eldiariodesanpedro.com.ar\/sitio\/wp-content\/uploads\/2021\/11\/WhatsApp-Image-2021-11-11-at-13.30.57.jpeg","jetpack_shortlink":"https:\/\/wp.me\/p6RhLt-qnf","jetpack_sharing_enabled":true,"_links":{"self":[{"href":"https:\/\/eldiariodesanpedro.com.ar\/sitio\/wp-json\/wp\/v2\/posts\/101385","targetHints":{"allow":["GET"]}}],"collection":[{"href":"https:\/\/eldiariodesanpedro.com.ar\/sitio\/wp-json\/wp\/v2\/posts"}],"about":[{"href":"https:\/\/eldiariodesanpedro.com.ar\/sitio\/wp-json\/wp\/v2\/types\/post"}],"author":[{"embeddable":true,"href":"https:\/\/eldiariodesanpedro.com.ar\/sitio\/wp-json\/wp\/v2\/users\/4"}],"replies":[{"embeddable":true,"href":"https:\/\/eldiariodesanpedro.com.ar\/sitio\/wp-json\/wp\/v2\/comments?post=101385"}],"version-history":[{"count":1,"href":"https:\/\/eldiariodesanpedro.com.ar\/sitio\/wp-json\/wp\/v2\/posts\/101385\/revisions"}],"predecessor-version":[{"id":101387,"href":"https:\/\/eldiariodesanpedro.com.ar\/sitio\/wp-json\/wp\/v2\/posts\/101385\/revisions\/101387"}],"wp:featuredmedia":[{"embeddable":true,"href":"https:\/\/eldiariodesanpedro.com.ar\/sitio\/wp-json\/wp\/v2\/media\/101386"}],"wp:attachment":[{"href":"https:\/\/eldiariodesanpedro.com.ar\/sitio\/wp-json\/wp\/v2\/media?parent=101385"}],"wp:term":[{"taxonomy":"category","embeddable":true,"href":"https:\/\/eldiariodesanpedro.com.ar\/sitio\/wp-json\/wp\/v2\/categories?post=101385"},{"taxonomy":"post_tag","embeddable":true,"href":"https:\/\/eldiariodesanpedro.com.ar\/sitio\/wp-json\/wp\/v2\/tags?post=101385"}],"curies":[{"name":"wp","href":"https:\/\/api.w.org\/{rel}","templated":true}]}}