{"id":101383,"date":"2021-11-11T17:58:33","date_gmt":"2021-11-11T20:58:33","guid":{"rendered":"https:\/\/eldiariodesanpedro.com.ar\/sitio\/?p=101383"},"modified":"2021-11-11T17:58:36","modified_gmt":"2021-11-11T20:58:36","slug":"coronavirus-2-positivos-y-65-negativos-este-jueves-53-activos-2","status":"publish","type":"post","link":"https:\/\/eldiariodesanpedro.com.ar\/sitio\/coronavirus-2-positivos-y-65-negativos-este-jueves-53-activos-2\/","title":{"rendered":"Coronavirus: 2 positivos y 65 negativos, este jueves 53 activos"},"content":{"rendered":"<!-- VideographyWP Plugin Message: Automatic video embedding prevented by plugin options. -->\n\n<p>La Secretar\u00eda de Salud de la Municipalidad de San Pedro brinda el informe que acompa\u00f1a la placa del d\u00eda de la fecha, en el seguimiento de la Pandemia de Covid-19.<\/p>\n\n\n\n<p>Se recibieron del Laboratorio Central Lab los resultados de los \u00faltimos env\u00edos de muestras con 1 resultado positivo, y se confirm\u00f3 1 resultado positivo a trav\u00e9s de los testeos r\u00e1pidos que se realizan en el Laboratorio del Hospital que totalizan 2 resultados positivos.<\/p>\n\n\n\n<p>Sobre el resto de las muestras recibidas, el Laboratorio Central Lab inform\u00f3 8 resultados negativos. Desde el Laboratorio del Hospital, se informaron 57 testeos r\u00e1pidos negativos que totalizan 65 resultados negativos.<\/p>\n\n\n\n<p>Los positivos est\u00e1n divididos en:<\/p>\n\n\n\n<p>-Central Lab:<\/p>\n\n\n\n<p>-Un hombre de 38 a\u00f1os<\/p>\n\n\n\n<ul class=\"wp-block-list\"><li>Laboratorio del Hospital:<\/li><li>1 hombre de 45 a\u00f1os.<\/li><li>Se incorporan a la estad\u00edstica oficial 2 altas.<\/li><li>No se enviaron nuevas muestras.<\/li><\/ul>\n\n\n\n<p>Resumen actualizado de informaci\u00f3n oficial <br>Positivos desde el inicio de la Pandemia: 6201  <br>Activos: 53 <br>Recuperados: 5910 <br>Fallecidos: 238 <br>Negativos desde el inicio de la Pandemia: 13098<\/p>\n\n\n\n<p>Los datos consignados en este informe corresponden a casos analizados a trav\u00e9s de hisopados realizados en el \u00abC.C.19\u00bb analizados por el Laboratorio Central Lab y testeos r\u00e1pidos efectuados en el Laboratorio del Hospital.<\/p>\n\n\n\n<p>Informamos que se recibieron 800 dosis de la vacuna AstraZeneca<\/p>\n\n\n\n<p>&#x1f449; Usar tapabocas.<br>&#x1f449; Mantener la distancia m\u00ednima de 2 metros.<br>&#x1f449; Extremar la higiene de los espacios.<br>&#x1f449; Mantener las manos limpias.<\/p>\n\n\n\n<p>Se recuerda que, ante s\u00edntomas de tos seca, fiebre y dolor de garganta se puede llamar al 148 o 107<\/p>\n\n\n\n<p>Atenci\u00f3n y seguimiento COVID-19<\/p>\n\n\n\n<p>Centro de Asesoramiento y Atenci\u00f3n M\u00e9dica<br>(Ex Consultorios Amarillos)<br>Ituzaing\u00f3 979<br>Lunes a viernes de 9 a 15 hs. \u2013 s\u00e1bados y feriados de 9 a 12 hs.<\/p>\n\n\n\n<p>L\u00ednea COVID<br>Para seguimiento y consultas<br>3329 315000 (llamadas o WhatsApp)<br>Lunes a viernes 9 a 15 hs. \u2013 S\u00e1bados y feriados de 9 a 12 hs<\/p>\n","protected":false},"excerpt":{"rendered":"<p>La Secretar\u00eda de Salud de la Municipalidad de San Pedro brinda el informe que acompa\u00f1a la placa del d\u00eda de la fecha, en el seguimiento de la Pandemia de Covid-19. Se recibieron del Laboratorio Central Lab los resultados de los \u00faltimos env\u00edos de muestras con 1 resultado positivo, y se confirm\u00f3 1 resultado positivo a [&hellip;]<\/p>\n","protected":false},"author":4,"featured_media":75824,"comment_status":"closed","ping_status":"closed","sticky":false,"template":"","format":"standard","meta":{"om_disable_all_campaigns":false,"_jetpack_memberships_contains_paid_content":false,"footnotes":""},"categories":[50,2,103],"tags":[],"class_list":["post-101383","post","type-post","status-publish","format-standard","has-post-thumbnail","hentry","category-destacadas","category-locales","category-policiales-locales"],"aioseo_notices":[],"gutentor_comment":0,"jetpack_featured_media_url":"https:\/\/eldiariodesanpedro.com.ar\/sitio\/wp-content\/uploads\/2020\/06\/coronavirus-2_124fd4e7k7j5f1lzjl9z2tf65c.jpg","jetpack_shortlink":"https:\/\/wp.me\/p6RhLt-qnd","jetpack_sharing_enabled":true,"_links":{"self":[{"href":"https:\/\/eldiariodesanpedro.com.ar\/sitio\/wp-json\/wp\/v2\/posts\/101383","targetHints":{"allow":["GET"]}}],"collection":[{"href":"https:\/\/eldiariodesanpedro.com.ar\/sitio\/wp-json\/wp\/v2\/posts"}],"about":[{"href":"https:\/\/eldiariodesanpedro.com.ar\/sitio\/wp-json\/wp\/v2\/types\/post"}],"author":[{"embeddable":true,"href":"https:\/\/eldiariodesanpedro.com.ar\/sitio\/wp-json\/wp\/v2\/users\/4"}],"replies":[{"embeddable":true,"href":"https:\/\/eldiariodesanpedro.com.ar\/sitio\/wp-json\/wp\/v2\/comments?post=101383"}],"version-history":[{"count":1,"href":"https:\/\/eldiariodesanpedro.com.ar\/sitio\/wp-json\/wp\/v2\/posts\/101383\/revisions"}],"predecessor-version":[{"id":101384,"href":"https:\/\/eldiariodesanpedro.com.ar\/sitio\/wp-json\/wp\/v2\/posts\/101383\/revisions\/101384"}],"wp:featuredmedia":[{"embeddable":true,"href":"https:\/\/eldiariodesanpedro.com.ar\/sitio\/wp-json\/wp\/v2\/media\/75824"}],"wp:attachment":[{"href":"https:\/\/eldiariodesanpedro.com.ar\/sitio\/wp-json\/wp\/v2\/media?parent=101383"}],"wp:term":[{"taxonomy":"category","embeddable":true,"href":"https:\/\/eldiariodesanpedro.com.ar\/sitio\/wp-json\/wp\/v2\/categories?post=101383"},{"taxonomy":"post_tag","embeddable":true,"href":"https:\/\/eldiariodesanpedro.com.ar\/sitio\/wp-json\/wp\/v2\/tags?post=101383"}],"curies":[{"name":"wp","href":"https:\/\/api.w.org\/{rel}","templated":true}]}}