{"id":101369,"date":"2021-11-11T13:30:42","date_gmt":"2021-11-11T16:30:42","guid":{"rendered":"https:\/\/eldiariodesanpedro.com.ar\/sitio\/?p=101369"},"modified":"2021-11-11T13:30:45","modified_gmt":"2021-11-11T16:30:45","slug":"choque-entre-un-automovil-y-una-motocicleta-en-la-zona-centrica","status":"publish","type":"post","link":"https:\/\/eldiariodesanpedro.com.ar\/sitio\/choque-entre-un-automovil-y-una-motocicleta-en-la-zona-centrica\/","title":{"rendered":"Choque entre un autom\u00f3vil y una motocicleta en la zona c\u00e9ntrica"},"content":{"rendered":"<!-- VideographyWP Plugin Message: Automatic video embedding prevented by plugin options. -->\n\n<p>Este mediod\u00eda ocurri\u00f3 un accidente de tr\u00e1nsito en pleno centro de la ciudad donde afortunadamente no hubo heridos.<\/p>\n\n\n\n<p>El hecho ocurri\u00f3 alrededor de las 12 hs en la esquina de Mitre y Av. 3 de febrero donde por motivos que se tratan de establecer colision\u00f3 una motocicleta Gilera 110 cc conducida por un joven menor de edad contra un autom\u00f3vil Volkswagen Vento color azul conducido por una mujer mayor de edad.<\/p>\n\n\n\n<p>Afortunadamente no hubo que lamentar heridos, solo el menor sufri\u00f3 escoriaciones y arreglan entre los seguros..<\/p>\n","protected":false},"excerpt":{"rendered":"<p>Este mediod\u00eda ocurri\u00f3 un accidente de tr\u00e1nsito en pleno centro de la ciudad donde afortunadamente no hubo heridos. El hecho ocurri\u00f3 alrededor de las 12 hs en la esquina de Mitre y Av. 3 de febrero donde por motivos que se tratan de establecer colision\u00f3 una motocicleta Gilera 110 cc conducida por un joven menor [&hellip;]<\/p>\n","protected":false},"author":4,"featured_media":101370,"comment_status":"closed","ping_status":"closed","sticky":false,"template":"","format":"standard","meta":{"om_disable_all_campaigns":false,"_jetpack_memberships_contains_paid_content":false,"footnotes":""},"categories":[2,103],"tags":[],"class_list":["post-101369","post","type-post","status-publish","format-standard","has-post-thumbnail","hentry","category-locales","category-policiales-locales"],"aioseo_notices":[],"gutentor_comment":0,"jetpack_featured_media_url":"https:\/\/eldiariodesanpedro.com.ar\/sitio\/wp-content\/uploads\/2021\/11\/WhatsApp-Image-2021-11-11-at-13.22.30.jpeg","jetpack_shortlink":"https:\/\/wp.me\/p6RhLt-qmZ","jetpack_sharing_enabled":true,"_links":{"self":[{"href":"https:\/\/eldiariodesanpedro.com.ar\/sitio\/wp-json\/wp\/v2\/posts\/101369","targetHints":{"allow":["GET"]}}],"collection":[{"href":"https:\/\/eldiariodesanpedro.com.ar\/sitio\/wp-json\/wp\/v2\/posts"}],"about":[{"href":"https:\/\/eldiariodesanpedro.com.ar\/sitio\/wp-json\/wp\/v2\/types\/post"}],"author":[{"embeddable":true,"href":"https:\/\/eldiariodesanpedro.com.ar\/sitio\/wp-json\/wp\/v2\/users\/4"}],"replies":[{"embeddable":true,"href":"https:\/\/eldiariodesanpedro.com.ar\/sitio\/wp-json\/wp\/v2\/comments?post=101369"}],"version-history":[{"count":1,"href":"https:\/\/eldiariodesanpedro.com.ar\/sitio\/wp-json\/wp\/v2\/posts\/101369\/revisions"}],"predecessor-version":[{"id":101371,"href":"https:\/\/eldiariodesanpedro.com.ar\/sitio\/wp-json\/wp\/v2\/posts\/101369\/revisions\/101371"}],"wp:featuredmedia":[{"embeddable":true,"href":"https:\/\/eldiariodesanpedro.com.ar\/sitio\/wp-json\/wp\/v2\/media\/101370"}],"wp:attachment":[{"href":"https:\/\/eldiariodesanpedro.com.ar\/sitio\/wp-json\/wp\/v2\/media?parent=101369"}],"wp:term":[{"taxonomy":"category","embeddable":true,"href":"https:\/\/eldiariodesanpedro.com.ar\/sitio\/wp-json\/wp\/v2\/categories?post=101369"},{"taxonomy":"post_tag","embeddable":true,"href":"https:\/\/eldiariodesanpedro.com.ar\/sitio\/wp-json\/wp\/v2\/tags?post=101369"}],"curies":[{"name":"wp","href":"https:\/\/api.w.org\/{rel}","templated":true}]}}