{"id":101366,"date":"2021-11-11T13:19:52","date_gmt":"2021-11-11T16:19:52","guid":{"rendered":"https:\/\/eldiariodesanpedro.com.ar\/sitio\/?p=101366"},"modified":"2021-11-11T13:19:56","modified_gmt":"2021-11-11T16:19:56","slug":"joven-aprehendido-con-un-cuchillo-en-la-via-publica","status":"publish","type":"post","link":"https:\/\/eldiariodesanpedro.com.ar\/sitio\/joven-aprehendido-con-un-cuchillo-en-la-via-publica\/","title":{"rendered":"Joven aprehendido con un cuchillo en la V\u00eda P\u00fablica"},"content":{"rendered":"<!-- VideographyWP Plugin Message: Automatic video embedding prevented by plugin options. -->\n\n<p>En la noche de este mi\u00e9rcoles el personal policial de la comisar\u00eda local se hace presente en recorrida en calle Lucio Mansilla y Mateo Sbert donde aprehenden a un joven ciudadano de 19 a\u00f1os de edad, quien se encontraba circulando por la v\u00eda p\u00fablica y llevaba en su poder arma blanca, por lo que los efectivos proceden al secuestro de la misma , se labraron actuaciones por Infracci\u00f3n al c\u00f3digo de faltas ley 8031 con intervenci\u00f3n del Juzgado de Paz Local.<\/p>\n","protected":false},"excerpt":{"rendered":"<p>En la noche de este mi\u00e9rcoles el personal policial de la comisar\u00eda local se hace presente en recorrida en calle Lucio Mansilla y Mateo Sbert donde aprehenden a un joven ciudadano de 19 a\u00f1os de edad, quien se encontraba circulando por la v\u00eda p\u00fablica y llevaba en su poder arma blanca, por lo que los [&hellip;]<\/p>\n","protected":false},"author":4,"featured_media":101367,"comment_status":"closed","ping_status":"closed","sticky":false,"template":"","format":"standard","meta":{"om_disable_all_campaigns":false,"_jetpack_memberships_contains_paid_content":false,"footnotes":""},"categories":[2,103],"tags":[],"class_list":["post-101366","post","type-post","status-publish","format-standard","has-post-thumbnail","hentry","category-locales","category-policiales-locales"],"aioseo_notices":[],"gutentor_comment":0,"jetpack_featured_media_url":"https:\/\/eldiariodesanpedro.com.ar\/sitio\/wp-content\/uploads\/2021\/11\/WhatsApp-Image-2021-11-11-at-10.50.20.jpeg","jetpack_shortlink":"https:\/\/wp.me\/p6RhLt-qmW","jetpack_sharing_enabled":true,"_links":{"self":[{"href":"https:\/\/eldiariodesanpedro.com.ar\/sitio\/wp-json\/wp\/v2\/posts\/101366","targetHints":{"allow":["GET"]}}],"collection":[{"href":"https:\/\/eldiariodesanpedro.com.ar\/sitio\/wp-json\/wp\/v2\/posts"}],"about":[{"href":"https:\/\/eldiariodesanpedro.com.ar\/sitio\/wp-json\/wp\/v2\/types\/post"}],"author":[{"embeddable":true,"href":"https:\/\/eldiariodesanpedro.com.ar\/sitio\/wp-json\/wp\/v2\/users\/4"}],"replies":[{"embeddable":true,"href":"https:\/\/eldiariodesanpedro.com.ar\/sitio\/wp-json\/wp\/v2\/comments?post=101366"}],"version-history":[{"count":1,"href":"https:\/\/eldiariodesanpedro.com.ar\/sitio\/wp-json\/wp\/v2\/posts\/101366\/revisions"}],"predecessor-version":[{"id":101368,"href":"https:\/\/eldiariodesanpedro.com.ar\/sitio\/wp-json\/wp\/v2\/posts\/101366\/revisions\/101368"}],"wp:featuredmedia":[{"embeddable":true,"href":"https:\/\/eldiariodesanpedro.com.ar\/sitio\/wp-json\/wp\/v2\/media\/101367"}],"wp:attachment":[{"href":"https:\/\/eldiariodesanpedro.com.ar\/sitio\/wp-json\/wp\/v2\/media?parent=101366"}],"wp:term":[{"taxonomy":"category","embeddable":true,"href":"https:\/\/eldiariodesanpedro.com.ar\/sitio\/wp-json\/wp\/v2\/categories?post=101366"},{"taxonomy":"post_tag","embeddable":true,"href":"https:\/\/eldiariodesanpedro.com.ar\/sitio\/wp-json\/wp\/v2\/tags?post=101366"}],"curies":[{"name":"wp","href":"https:\/\/api.w.org\/{rel}","templated":true}]}}