{"id":101363,"date":"2021-11-11T12:28:17","date_gmt":"2021-11-11T15:28:17","guid":{"rendered":"https:\/\/eldiariodesanpedro.com.ar\/sitio\/?p=101363"},"modified":"2021-11-11T12:28:19","modified_gmt":"2021-11-11T15:28:19","slug":"una-madre-denuncio-que-su-hijo-menor-de-edad-fue-golpeado-por-otro-a-la-salida-de-la-escuela","status":"publish","type":"post","link":"https:\/\/eldiariodesanpedro.com.ar\/sitio\/una-madre-denuncio-que-su-hijo-menor-de-edad-fue-golpeado-por-otro-a-la-salida-de-la-escuela\/","title":{"rendered":"Una madre denunci\u00f3 que su hijo menor de edad fue golpeado por otro a la salida de la escuela"},"content":{"rendered":"<!-- VideographyWP Plugin Message: Automatic video embedding prevented by plugin options. -->\n\n<p>Seg\u00fan informa el parte policial, en la jornada de ayer en horas de la noche una mujer de 51 a\u00f1os se hizo presente en la comisar\u00eda local para radicar la denuncia por lesiones leves, tras que su hijo de 15 a\u00f1os a la salida y en las afueras del establecimiento escolar ubicado en calle Chivilcoy y Col\u00f3n fue golpeado por otro de 17 a\u00f1os provocando lesiones leves.<\/p>\n","protected":false},"excerpt":{"rendered":"<p>Seg\u00fan informa el parte policial, en la jornada de ayer en horas de la noche una mujer de 51 a\u00f1os se hizo presente en la comisar\u00eda local para radicar la denuncia por lesiones leves, tras que su hijo de 15 a\u00f1os a la salida y en las afueras del establecimiento escolar ubicado en calle Chivilcoy [&hellip;]<\/p>\n","protected":false},"author":4,"featured_media":101364,"comment_status":"closed","ping_status":"closed","sticky":false,"template":"","format":"standard","meta":{"om_disable_all_campaigns":false,"_jetpack_memberships_contains_paid_content":false,"footnotes":""},"categories":[2,103],"tags":[],"class_list":["post-101363","post","type-post","status-publish","format-standard","has-post-thumbnail","hentry","category-locales","category-policiales-locales"],"aioseo_notices":[],"gutentor_comment":0,"jetpack_featured_media_url":"https:\/\/eldiariodesanpedro.com.ar\/sitio\/wp-content\/uploads\/2021\/11\/medida-11.jpg","jetpack_shortlink":"https:\/\/wp.me\/p6RhLt-qmT","jetpack_sharing_enabled":true,"_links":{"self":[{"href":"https:\/\/eldiariodesanpedro.com.ar\/sitio\/wp-json\/wp\/v2\/posts\/101363","targetHints":{"allow":["GET"]}}],"collection":[{"href":"https:\/\/eldiariodesanpedro.com.ar\/sitio\/wp-json\/wp\/v2\/posts"}],"about":[{"href":"https:\/\/eldiariodesanpedro.com.ar\/sitio\/wp-json\/wp\/v2\/types\/post"}],"author":[{"embeddable":true,"href":"https:\/\/eldiariodesanpedro.com.ar\/sitio\/wp-json\/wp\/v2\/users\/4"}],"replies":[{"embeddable":true,"href":"https:\/\/eldiariodesanpedro.com.ar\/sitio\/wp-json\/wp\/v2\/comments?post=101363"}],"version-history":[{"count":1,"href":"https:\/\/eldiariodesanpedro.com.ar\/sitio\/wp-json\/wp\/v2\/posts\/101363\/revisions"}],"predecessor-version":[{"id":101365,"href":"https:\/\/eldiariodesanpedro.com.ar\/sitio\/wp-json\/wp\/v2\/posts\/101363\/revisions\/101365"}],"wp:featuredmedia":[{"embeddable":true,"href":"https:\/\/eldiariodesanpedro.com.ar\/sitio\/wp-json\/wp\/v2\/media\/101364"}],"wp:attachment":[{"href":"https:\/\/eldiariodesanpedro.com.ar\/sitio\/wp-json\/wp\/v2\/media?parent=101363"}],"wp:term":[{"taxonomy":"category","embeddable":true,"href":"https:\/\/eldiariodesanpedro.com.ar\/sitio\/wp-json\/wp\/v2\/categories?post=101363"},{"taxonomy":"post_tag","embeddable":true,"href":"https:\/\/eldiariodesanpedro.com.ar\/sitio\/wp-json\/wp\/v2\/tags?post=101363"}],"curies":[{"name":"wp","href":"https:\/\/api.w.org\/{rel}","templated":true}]}}