{"id":101360,"date":"2021-11-11T12:21:12","date_gmt":"2021-11-11T15:21:12","guid":{"rendered":"https:\/\/eldiariodesanpedro.com.ar\/sitio\/?p=101360"},"modified":"2021-11-11T12:21:16","modified_gmt":"2021-11-11T15:21:16","slug":"la-policia-aprehendio-a-dos-menos-en-infraganti-cuando-robaron-una-bicicleta","status":"publish","type":"post","link":"https:\/\/eldiariodesanpedro.com.ar\/sitio\/la-policia-aprehendio-a-dos-menos-en-infraganti-cuando-robaron-una-bicicleta\/","title":{"rendered":"La polic\u00eda aprehendi\u00f3 a dos menos en infraganti cuando robaron una bicicleta"},"content":{"rendered":"<!-- VideographyWP Plugin Message: Automatic video embedding prevented by plugin options. -->\n\n<p>Anoche promediando las 23 hs el personal policial de la comisar\u00eda alertado por un llamado al 911, y tras r\u00e1pido proceder se hace presente en calle Miguel Porta y Balcarce donde logra aprehender en fuga a dos delincuentes j\u00f3venes de 16 y 17 a\u00f1os de edad, a quienes se secuestr\u00f3 una bicicleta, que momentos antes hab\u00edan sustra\u00eddo tras forzar candado con el que se encontraba amarrada afuera de domicilio de la v\u00edctima, un joven de 19 a\u00f1os domiciliado en calle General Pueyrredon al 250 .<\/p>\n\n\n\n<p>Interviene la UFI del&nbsp; Joven y el rodado secuestrado fue restituido a la v\u00edctima.<\/p>\n","protected":false},"excerpt":{"rendered":"<p>Anoche promediando las 23 hs el personal policial de la comisar\u00eda alertado por un llamado al 911, y tras r\u00e1pido proceder se hace presente en calle Miguel Porta y Balcarce donde logra aprehender en fuga a dos delincuentes j\u00f3venes de 16 y 17 a\u00f1os de edad, a quienes se secuestr\u00f3 una bicicleta, que momentos antes [&hellip;]<\/p>\n","protected":false},"author":4,"featured_media":101361,"comment_status":"closed","ping_status":"closed","sticky":false,"template":"","format":"standard","meta":{"om_disable_all_campaigns":false,"_jetpack_memberships_contains_paid_content":false,"footnotes":""},"categories":[2,103],"tags":[],"class_list":["post-101360","post","type-post","status-publish","format-standard","has-post-thumbnail","hentry","category-locales","category-policiales-locales"],"aioseo_notices":[],"gutentor_comment":0,"jetpack_featured_media_url":"https:\/\/eldiariodesanpedro.com.ar\/sitio\/wp-content\/uploads\/2021\/11\/medida-10.jpg","jetpack_shortlink":"https:\/\/wp.me\/p6RhLt-qmQ","jetpack_sharing_enabled":true,"_links":{"self":[{"href":"https:\/\/eldiariodesanpedro.com.ar\/sitio\/wp-json\/wp\/v2\/posts\/101360","targetHints":{"allow":["GET"]}}],"collection":[{"href":"https:\/\/eldiariodesanpedro.com.ar\/sitio\/wp-json\/wp\/v2\/posts"}],"about":[{"href":"https:\/\/eldiariodesanpedro.com.ar\/sitio\/wp-json\/wp\/v2\/types\/post"}],"author":[{"embeddable":true,"href":"https:\/\/eldiariodesanpedro.com.ar\/sitio\/wp-json\/wp\/v2\/users\/4"}],"replies":[{"embeddable":true,"href":"https:\/\/eldiariodesanpedro.com.ar\/sitio\/wp-json\/wp\/v2\/comments?post=101360"}],"version-history":[{"count":1,"href":"https:\/\/eldiariodesanpedro.com.ar\/sitio\/wp-json\/wp\/v2\/posts\/101360\/revisions"}],"predecessor-version":[{"id":101362,"href":"https:\/\/eldiariodesanpedro.com.ar\/sitio\/wp-json\/wp\/v2\/posts\/101360\/revisions\/101362"}],"wp:featuredmedia":[{"embeddable":true,"href":"https:\/\/eldiariodesanpedro.com.ar\/sitio\/wp-json\/wp\/v2\/media\/101361"}],"wp:attachment":[{"href":"https:\/\/eldiariodesanpedro.com.ar\/sitio\/wp-json\/wp\/v2\/media?parent=101360"}],"wp:term":[{"taxonomy":"category","embeddable":true,"href":"https:\/\/eldiariodesanpedro.com.ar\/sitio\/wp-json\/wp\/v2\/categories?post=101360"},{"taxonomy":"post_tag","embeddable":true,"href":"https:\/\/eldiariodesanpedro.com.ar\/sitio\/wp-json\/wp\/v2\/tags?post=101360"}],"curies":[{"name":"wp","href":"https:\/\/api.w.org\/{rel}","templated":true}]}}