{"id":101358,"date":"2021-11-11T12:13:57","date_gmt":"2021-11-11T15:13:57","guid":{"rendered":"https:\/\/eldiariodesanpedro.com.ar\/sitio\/?p=101358"},"modified":"2021-11-11T12:13:59","modified_gmt":"2021-11-11T15:13:59","slug":"comerciante-le-sustrajo-una-moto-a-un-comprador-que-le-habria-entregado-cheques-sin-fondos","status":"publish","type":"post","link":"https:\/\/eldiariodesanpedro.com.ar\/sitio\/comerciante-le-sustrajo-una-moto-a-un-comprador-que-le-habria-entregado-cheques-sin-fondos\/","title":{"rendered":"Comerciante le sustrajo una moto a un comprador que le habr\u00eda entregado cheques sin fondos"},"content":{"rendered":"<!-- VideographyWP Plugin Message: Automatic video embedding prevented by plugin options. -->\n\n<p>En la jornada de ayer se recibi\u00f3 una denuncia en la comisar\u00eda por parte de un ciudadano de 39 a\u00f1os que manifiesta que en horas de la tarde alrededor de las 17 hs un comerciante due\u00f1o de una agencia de motos, donde el denunciante realiz\u00f3 la compra de un rodado, se hace presente en su domicilio para retirar el veh\u00edculo ya que el vendedor aduce que los cheques que le entreg\u00f3 como pago del bien se encontraban sin fondos, por lo que decidi\u00f3 retirar el veh\u00edculo.<\/p>\n","protected":false},"excerpt":{"rendered":"<p>En la jornada de ayer se recibi\u00f3 una denuncia en la comisar\u00eda por parte de un ciudadano de 39 a\u00f1os que manifiesta que en horas de la tarde alrededor de las 17 hs un comerciante due\u00f1o de una agencia de motos, donde el denunciante realiz\u00f3 la compra de un rodado, se hace presente en su [&hellip;]<\/p>\n","protected":false},"author":4,"featured_media":45394,"comment_status":"closed","ping_status":"closed","sticky":false,"template":"","format":"standard","meta":{"om_disable_all_campaigns":false,"_jetpack_memberships_contains_paid_content":false,"footnotes":""},"categories":[2,103],"tags":[],"class_list":["post-101358","post","type-post","status-publish","format-standard","has-post-thumbnail","hentry","category-locales","category-policiales-locales"],"aioseo_notices":[],"gutentor_comment":0,"jetpack_featured_media_url":"https:\/\/eldiariodesanpedro.com.ar\/sitio\/wp-content\/uploads\/2019\/01\/comisaria.jpg","jetpack_shortlink":"https:\/\/wp.me\/p6RhLt-qmO","jetpack_sharing_enabled":true,"_links":{"self":[{"href":"https:\/\/eldiariodesanpedro.com.ar\/sitio\/wp-json\/wp\/v2\/posts\/101358","targetHints":{"allow":["GET"]}}],"collection":[{"href":"https:\/\/eldiariodesanpedro.com.ar\/sitio\/wp-json\/wp\/v2\/posts"}],"about":[{"href":"https:\/\/eldiariodesanpedro.com.ar\/sitio\/wp-json\/wp\/v2\/types\/post"}],"author":[{"embeddable":true,"href":"https:\/\/eldiariodesanpedro.com.ar\/sitio\/wp-json\/wp\/v2\/users\/4"}],"replies":[{"embeddable":true,"href":"https:\/\/eldiariodesanpedro.com.ar\/sitio\/wp-json\/wp\/v2\/comments?post=101358"}],"version-history":[{"count":1,"href":"https:\/\/eldiariodesanpedro.com.ar\/sitio\/wp-json\/wp\/v2\/posts\/101358\/revisions"}],"predecessor-version":[{"id":101359,"href":"https:\/\/eldiariodesanpedro.com.ar\/sitio\/wp-json\/wp\/v2\/posts\/101358\/revisions\/101359"}],"wp:featuredmedia":[{"embeddable":true,"href":"https:\/\/eldiariodesanpedro.com.ar\/sitio\/wp-json\/wp\/v2\/media\/45394"}],"wp:attachment":[{"href":"https:\/\/eldiariodesanpedro.com.ar\/sitio\/wp-json\/wp\/v2\/media?parent=101358"}],"wp:term":[{"taxonomy":"category","embeddable":true,"href":"https:\/\/eldiariodesanpedro.com.ar\/sitio\/wp-json\/wp\/v2\/categories?post=101358"},{"taxonomy":"post_tag","embeddable":true,"href":"https:\/\/eldiariodesanpedro.com.ar\/sitio\/wp-json\/wp\/v2\/tags?post=101358"}],"curies":[{"name":"wp","href":"https:\/\/api.w.org\/{rel}","templated":true}]}}