{"id":101355,"date":"2021-11-11T12:04:45","date_gmt":"2021-11-11T15:04:45","guid":{"rendered":"https:\/\/eldiariodesanpedro.com.ar\/sitio\/?p=101355"},"modified":"2021-11-11T12:04:48","modified_gmt":"2021-11-11T15:04:48","slug":"denuncia-de-una-madre-que-su-hijo-envio-una-foto-suya-a-un-desconocido-por-whatsapp","status":"publish","type":"post","link":"https:\/\/eldiariodesanpedro.com.ar\/sitio\/denuncia-de-una-madre-que-su-hijo-envio-una-foto-suya-a-un-desconocido-por-whatsapp\/","title":{"rendered":"Denuncia de una madre que su hijo envi\u00f3 una foto suya a un desconocido por whatsapp"},"content":{"rendered":"<!-- VideographyWP Plugin Message: Automatic video embedding prevented by plugin options. -->\n\n<p>Este mi\u00e9rcoles denunci\u00f3 una mujer de 45 a\u00f1os que hace un mes y medio aproximadamente su hijo de nueve a\u00f1os recibi\u00f3 un mensaje por red social Whatsapp de n\u00famero desconocido quien refiere ser un amigo solicitando que le env\u00ede una foto de su rostro como as\u00ed citando para encontrarse en lugar espec\u00edfico que jam\u00e1s se concret\u00f3.&nbsp;<\/p>\n\n\n\n<p>Desconoce el fin, como as\u00ed no induce sospechas de quien podr\u00eda ser.<\/p>\n","protected":false},"excerpt":{"rendered":"<p>Este mi\u00e9rcoles denunci\u00f3 una mujer de 45 a\u00f1os que hace un mes y medio aproximadamente su hijo de nueve a\u00f1os recibi\u00f3 un mensaje por red social Whatsapp de n\u00famero desconocido quien refiere ser un amigo solicitando que le env\u00ede una foto de su rostro como as\u00ed citando para encontrarse en lugar espec\u00edfico que jam\u00e1s se [&hellip;]<\/p>\n","protected":false},"author":4,"featured_media":101356,"comment_status":"closed","ping_status":"closed","sticky":false,"template":"","format":"standard","meta":{"om_disable_all_campaigns":false,"_jetpack_memberships_contains_paid_content":false,"footnotes":""},"categories":[2,103],"tags":[],"class_list":["post-101355","post","type-post","status-publish","format-standard","has-post-thumbnail","hentry","category-locales","category-policiales-locales"],"aioseo_notices":[],"gutentor_comment":0,"jetpack_featured_media_url":"https:\/\/eldiariodesanpedro.com.ar\/sitio\/wp-content\/uploads\/2021\/11\/chats-whatsapp.jpg","jetpack_shortlink":"https:\/\/wp.me\/p6RhLt-qmL","jetpack_sharing_enabled":true,"_links":{"self":[{"href":"https:\/\/eldiariodesanpedro.com.ar\/sitio\/wp-json\/wp\/v2\/posts\/101355","targetHints":{"allow":["GET"]}}],"collection":[{"href":"https:\/\/eldiariodesanpedro.com.ar\/sitio\/wp-json\/wp\/v2\/posts"}],"about":[{"href":"https:\/\/eldiariodesanpedro.com.ar\/sitio\/wp-json\/wp\/v2\/types\/post"}],"author":[{"embeddable":true,"href":"https:\/\/eldiariodesanpedro.com.ar\/sitio\/wp-json\/wp\/v2\/users\/4"}],"replies":[{"embeddable":true,"href":"https:\/\/eldiariodesanpedro.com.ar\/sitio\/wp-json\/wp\/v2\/comments?post=101355"}],"version-history":[{"count":1,"href":"https:\/\/eldiariodesanpedro.com.ar\/sitio\/wp-json\/wp\/v2\/posts\/101355\/revisions"}],"predecessor-version":[{"id":101357,"href":"https:\/\/eldiariodesanpedro.com.ar\/sitio\/wp-json\/wp\/v2\/posts\/101355\/revisions\/101357"}],"wp:featuredmedia":[{"embeddable":true,"href":"https:\/\/eldiariodesanpedro.com.ar\/sitio\/wp-json\/wp\/v2\/media\/101356"}],"wp:attachment":[{"href":"https:\/\/eldiariodesanpedro.com.ar\/sitio\/wp-json\/wp\/v2\/media?parent=101355"}],"wp:term":[{"taxonomy":"category","embeddable":true,"href":"https:\/\/eldiariodesanpedro.com.ar\/sitio\/wp-json\/wp\/v2\/categories?post=101355"},{"taxonomy":"post_tag","embeddable":true,"href":"https:\/\/eldiariodesanpedro.com.ar\/sitio\/wp-json\/wp\/v2\/tags?post=101355"}],"curies":[{"name":"wp","href":"https:\/\/api.w.org\/{rel}","templated":true}]}}