{"id":101352,"date":"2021-11-11T11:45:20","date_gmt":"2021-11-11T14:45:20","guid":{"rendered":"https:\/\/eldiariodesanpedro.com.ar\/sitio\/?p=101352"},"modified":"2021-11-11T11:45:23","modified_gmt":"2021-11-11T14:45:23","slug":"ciclo-de-entrevistas-lo-mas-importante-para-nosotros-es-san-pedro","status":"publish","type":"post","link":"https:\/\/eldiariodesanpedro.com.ar\/sitio\/ciclo-de-entrevistas-lo-mas-importante-para-nosotros-es-san-pedro\/","title":{"rendered":"Ciclo de entrevistas: \u00abLo m\u00e1s importante para nosotros es San Pedro\u00bb"},"content":{"rendered":"<!-- VideographyWP Plugin Message: Automatic video embedding prevented by plugin options. -->\n\n<p>El intendente de San Pedro y candidato a diputado provincial por el Frente de Todos, Cecilio Salazar, pas\u00f3 por el ciclo \u00abPensando el San Pedro que queremos\u00bb. Habl\u00f3 sobre su candidatura, el futuro de San Pedro y sus proyectos en caso de acceder a la c\u00e1mara bonaerense. \u00abLo importante es la proyecci\u00f3n futura que podamos hacer y yo creo que San Pedro tiene una proyecci\u00f3n a futuro enorme\u00bb, sostuvo.<\/p>\n\n\n\n<p>El ciclo de entrevistas<strong>&nbsp;\u00abPensando el San Pedro que queremos\u00bb,<\/strong>&nbsp;coproducci\u00f3n de&nbsp;<strong>Visi\u00f3n Regional<\/strong>&nbsp;y&nbsp;<strong>El Diario<\/strong>, cerr\u00f3 con la presencia del intendente&nbsp;<strong>Cecilio Salazar<\/strong>&nbsp;y candidato a diputado provincial del Frente de Todos por la Segunda Secci\u00f3n electoral. \u00abLa verdad es que si te digo que estaba buscando eso te estar\u00eda mintiendo\u00bb, asegur\u00f3 el jefe comunal, respecto a la propuesta de integrar la lista.<\/p>\n\n\n\n<p>\u00ab<strong>Se dio por un acercamiento con el gobierno nacional y provincial y me dijeron que era importante que integrara esa lista y cuando te piden eso, y fundamentalmente las personas que te lo piden, uno no se puede negar<\/strong>\u00ab, sostuvo Salazar, quien ratific\u00f3: \u00ab<strong>Lo m\u00e1s importante para nosotros es San Pedro.<\/strong>&nbsp;No estamos obsesionados por ser diputado, pero si me toca hacer voy a hacer lo que me corresponde, trabajar como lo vengo haciendo\u00bb.<\/p>\n\n\n\n<p>Salazar se refiri\u00f3 adem\u00e1s a la continuidad del proyecto local, con la conducci\u00f3n del actual secretario de Coordinaci\u00f3n, Ram\u00f3n Salazar, en caso que el intendente pase a ocupar una banca: \u00abM\u00e1s all\u00e1 de que pueda ser yo, Ram\u00f3n u otro compa\u00f1ero que venga,&nbsp;<strong>lo importante es la proyecci\u00f3n futura que podamos hacer y yo creo que San Pedro tiene una proyecci\u00f3n a futuro enorme<\/strong>\u00ab.<\/p>\n\n\n\n<p>De cara a las elecciones generales, el Frente de Todos cambi\u00f3 su estrategia de campa\u00f1a. Es que las PASO marcaron un record en lo que respecta a la baja participaci\u00f3n del electorado, adem\u00e1s de un importante porcentaje de votantes en blanco. \u00abEl primer mensaje que est\u00e1 clar\u00edsimo es que la gente est\u00e1 enojada y siempre responsabiliza al que tiene que gobernar, a nivel local, provincial y nacional\u00bb, expres\u00f3 Salazar ante la consulta de su lectura de los resultados electorales.<\/p>\n\n\n\n<p>\u00ab<strong>Mucha gente no es que reaccion\u00f3 votando a la oposici\u00f3n, porque no encuentra propuestas en la oposici\u00f3n, lo que hizo es no ir a votar. Se enoj\u00f3 con nosotros y no nos apoy\u00f3 en las urnas, pero tampoco apoy\u00f3 a otros<\/strong>\u00ab, rescat\u00f3 el intendente, quien se\u00f1al\u00f3 que por ello se decidi\u00f3 salir a la calle, a recorrer barrio por barrio, casa por casa.&nbsp;<\/p>\n\n\n\n<p>Salazar se refiri\u00f3, adem\u00e1s, al&nbsp;<strong>parque agroindustrial<\/strong>, ya anunciado y que aguarda por el visto bueno de Provincia, que ya adelant\u00f3 su acompa\u00f1amiento: \u00abLa idea con Alfredo (Carrasco, secretario de Desarrollo Econ\u00f3mico) es&nbsp;<strong>formar una mesa de consulta permanente<\/strong>&nbsp;de aqu\u00ed en m\u00e1s y las fuerzas vivas de San Pedro tienen que ayudarnos a que eso se haga realidad. El intendente solo no lo puede lograr. La idea es que cada uno de su opini\u00f3n, est\u00e1 definido que ser\u00e1 de Agroindustria porque es lo que ha solicitado la UBA\u00bb, detall\u00f3.<\/p>\n\n\n\n<p>Respecto a la posibilidad de trabajar para San Pedro desde la c\u00e1mara provincial, Salazar destac\u00f3: \u00ab<strong>Tengo un proyecto de ley para la fruticultura<\/strong>, San Pedro es la \u00fanica cuenca frut\u00edcola de la provincia de Buenos Aires. Llegamos a tener 20 mil hect\u00e1reas de fruticultura. Los tenemos que recuperar, hay que presentar un proyecto para crear un fondo espec\u00edfico de apoyo a la fruticultura,\u00a0<strong>los peque\u00f1os y medianos productores de fruta fueron abandonados por el Estado<\/strong>\u00ab.<\/p>\n\n\n\n<iframe data-src=\"https:\/\/www.facebook.com\/plugins\/video.php?height=314&#038;href=https%3A%2F%2Fwww.facebook.com%2Fdiariosp2%2Fvideos%2F1131461480993797%2F&#038;show_text=false&#038;width=560&#038;t=0\" width=\"560\" height=\"314\" style=\"border:none;overflow:hidden\" scrolling=\"no\" frameborder=\"0\" allowfullscreen=\"true\" allow=\"autoplay; clipboard-write; encrypted-media; picture-in-picture; web-share\" allowFullScreen=\"true\" src=\"data:image\/svg+xml;base64,PHN2ZyB3aWR0aD0iMSIgaGVpZ2h0PSIxIiB4bWxucz0iaHR0cDovL3d3dy53My5vcmcvMjAwMC9zdmciPjwvc3ZnPg==\" class=\"lazyload\" data-load-mode=\"1\"><\/iframe>\n","protected":false},"excerpt":{"rendered":"<p>El intendente de San Pedro y candidato a diputado provincial por el Frente de Todos, Cecilio Salazar, pas\u00f3 por el ciclo \u00abPensando el San Pedro que queremos\u00bb. Habl\u00f3 sobre su candidatura, el futuro de San Pedro y sus proyectos en caso de acceder a la c\u00e1mara bonaerense. \u00abLo importante es la proyecci\u00f3n futura que podamos [&hellip;]<\/p>\n","protected":false},"author":4,"featured_media":101353,"comment_status":"closed","ping_status":"closed","sticky":false,"template":"","format":"standard","meta":{"om_disable_all_campaigns":false,"_jetpack_memberships_contains_paid_content":false,"footnotes":""},"categories":[50,101,2],"tags":[],"class_list":["post-101352","post","type-post","status-publish","format-standard","has-post-thumbnail","hentry","category-destacadas","category-interes-general-locales","category-locales"],"aioseo_notices":[],"gutentor_comment":0,"jetpack_featured_media_url":"https:\/\/eldiariodesanpedro.com.ar\/sitio\/wp-content\/uploads\/2021\/11\/WhatsApp-Image-2021-11-06-at-18.10.23.jpeg","jetpack_shortlink":"https:\/\/wp.me\/p6RhLt-qmI","jetpack_sharing_enabled":true,"_links":{"self":[{"href":"https:\/\/eldiariodesanpedro.com.ar\/sitio\/wp-json\/wp\/v2\/posts\/101352","targetHints":{"allow":["GET"]}}],"collection":[{"href":"https:\/\/eldiariodesanpedro.com.ar\/sitio\/wp-json\/wp\/v2\/posts"}],"about":[{"href":"https:\/\/eldiariodesanpedro.com.ar\/sitio\/wp-json\/wp\/v2\/types\/post"}],"author":[{"embeddable":true,"href":"https:\/\/eldiariodesanpedro.com.ar\/sitio\/wp-json\/wp\/v2\/users\/4"}],"replies":[{"embeddable":true,"href":"https:\/\/eldiariodesanpedro.com.ar\/sitio\/wp-json\/wp\/v2\/comments?post=101352"}],"version-history":[{"count":1,"href":"https:\/\/eldiariodesanpedro.com.ar\/sitio\/wp-json\/wp\/v2\/posts\/101352\/revisions"}],"predecessor-version":[{"id":101354,"href":"https:\/\/eldiariodesanpedro.com.ar\/sitio\/wp-json\/wp\/v2\/posts\/101352\/revisions\/101354"}],"wp:featuredmedia":[{"embeddable":true,"href":"https:\/\/eldiariodesanpedro.com.ar\/sitio\/wp-json\/wp\/v2\/media\/101353"}],"wp:attachment":[{"href":"https:\/\/eldiariodesanpedro.com.ar\/sitio\/wp-json\/wp\/v2\/media?parent=101352"}],"wp:term":[{"taxonomy":"category","embeddable":true,"href":"https:\/\/eldiariodesanpedro.com.ar\/sitio\/wp-json\/wp\/v2\/categories?post=101352"},{"taxonomy":"post_tag","embeddable":true,"href":"https:\/\/eldiariodesanpedro.com.ar\/sitio\/wp-json\/wp\/v2\/tags?post=101352"}],"curies":[{"name":"wp","href":"https:\/\/api.w.org\/{rel}","templated":true}]}}