{"id":101349,"date":"2021-11-11T11:39:55","date_gmt":"2021-11-11T14:39:55","guid":{"rendered":"https:\/\/eldiariodesanpedro.com.ar\/sitio\/?p=101349"},"modified":"2021-11-11T11:39:58","modified_gmt":"2021-11-11T14:39:58","slug":"ciclo-de-entrevistas-tenemos-la-idea-de-cambiar-el-pais-que-estamos-viviendo","status":"publish","type":"post","link":"https:\/\/eldiariodesanpedro.com.ar\/sitio\/ciclo-de-entrevistas-tenemos-la-idea-de-cambiar-el-pais-que-estamos-viviendo\/","title":{"rendered":"Ciclo de entrevistas: \u00abTenemos la idea de cambiar el pa\u00eds que estamos viviendo\u00bb"},"content":{"rendered":"<!-- VideographyWP Plugin Message: Automatic video embedding prevented by plugin options. -->\n\n<p>El candidato a diputado provincial por Vamos con Vos, Fernando Nouet, se refiri\u00f3 a las ideas del espacio que conduce Florencio Randazzo y que busca diferenciarse de los dos grandes espacios pol\u00edticos: el Frente de Todos y Juntos. \u00abEn los \u00faltimos seis a\u00f1os se ha profundizado la grieta\u00bb, explica el sampedrino, que asegura que la dirigencia pol\u00edtica debe asumir \u00abque necesitan dialogar\u00bb. \u00abLa gente no quiere escuchar que le hablen demasiado de pol\u00edtica\u00bb, reconoce el socialista.<\/p>\n\n\n\n<p><strong>Fernando Nouet<\/strong>&nbsp;es candidato a&nbsp;<strong>diputado provincial por la Segunda Secci\u00f3n<\/strong>, en representaci\u00f3n del frente&nbsp;<strong>\u00abVamos con vos\u00bb<\/strong>, que lidera a nivel provincial Florencio Randazzo, en alianza con el Partido Socialista. El espacio, que apunta a convertirse en una tercera opci\u00f3n, marca sus diferencias con los dos espacios pol\u00edticos mayoritarios: \u00ab<strong>Lo que ha pasado en este pa\u00eds en los \u00faltimos seis a\u00f1os es que se profundiz\u00f3 la grieta<\/strong>. No ha habido grandes diferencias entre las pol\u00edticas y nosotros creemos que&nbsp;<strong>la mayor diferencia que tenemos con ellos es cambiar la idea de pa\u00eds que estamos viviendo<\/strong>. Esto no es f\u00e1cil, no es soplar y hacer botella\u00bb, aclaran.<\/p>\n\n\n\n<p><strong>\u00abMuchos dicen hay que sacar los planes sociales, pero par\u00e1, hay que tener estudios del impacto de eso en la sociedad y una bater\u00eda de medidas, de jerarquizaci\u00f3n de la educaci\u00f3n<\/strong>\u00ab, especifica Nouet. \u00abY otra de las cuestiones es asumirnos que&nbsp;<strong>necesitamos dialogar,<\/strong>&nbsp;que la dirigencia pol\u00edtica se puede sentar y ceder un aparte de su idea, y que el otro ceda un poco, y volver a negociar en pol\u00edtica. No negociar el preparto de cargos, sino negociar ideas\u00bb, agrega.<\/p>\n\n\n\n<p>El referente socialista se refiri\u00f3 adem\u00e1s el desaf\u00edo de representar a los 15 distritos de la Segunda Secci\u00f3n, teniendo en cuenta las diferencias existentes en la regi\u00f3n. \u00abCada pueblo tiene una realidad distinta\u00bb, reconoce. Respecto a San Pedro, Nouet argumenta: \u00ab<strong>En San Pedro necesitamos, adem\u00e1s del turismo, desarrollo industrial m\u00e1s importante. Es una deuda que tenemos los sampedrinos<\/strong>\u00ab. Y aclara: \u00abSi industrializamos no podemos afectar esta belleza que tenemos, tiene que ser sostenible, respetar los recursos naturales\u00bb.<\/p>\n\n\n\n<p>La agenda ambiental es adem\u00e1s parte clave del espacio: Nouet propone la&nbsp;<strong>reconversi\u00f3n de fiscal\u00edas en \u00abfiscal\u00edas ambientales para que se investiguen los delitos ambientales, no solamente la quema de humedales\u00bb<\/strong>. Sin embargo aclara, \u00abla ley de humedales es fundamental para regular la explotaci\u00f3n econ\u00f3mica de algunos sectores\u00bb.<\/p>\n\n\n\n<p>La necesidad de avanzar en un\u00a0<strong>marco legal que regule el acceso a las viviendas<\/strong>, tanto planes de viviendas como incluso la regulaci\u00f3n del mercado de alquileres, tambi\u00e9n est\u00e1 presente en la agenda de Nouet.<\/p>\n\n\n\n<iframe data-src=\"https:\/\/www.facebook.com\/plugins\/video.php?height=314&#038;href=https%3A%2F%2Fwww.facebook.com%2Fdiariosp2%2Fvideos%2F425852565845532%2F&#038;show_text=false&#038;width=560&#038;t=0\" width=\"560\" height=\"314\" style=\"border:none;overflow:hidden\" scrolling=\"no\" frameborder=\"0\" allowfullscreen=\"true\" allow=\"autoplay; clipboard-write; encrypted-media; picture-in-picture; web-share\" allowFullScreen=\"true\" src=\"data:image\/svg+xml;base64,PHN2ZyB3aWR0aD0iMSIgaGVpZ2h0PSIxIiB4bWxucz0iaHR0cDovL3d3dy53My5vcmcvMjAwMC9zdmciPjwvc3ZnPg==\" class=\"lazyload\" data-load-mode=\"1\"><\/iframe>\n","protected":false},"excerpt":{"rendered":"<p>El candidato a diputado provincial por Vamos con Vos, Fernando Nouet, se refiri\u00f3 a las ideas del espacio que conduce Florencio Randazzo y que busca diferenciarse de los dos grandes espacios pol\u00edticos: el Frente de Todos y Juntos. \u00abEn los \u00faltimos seis a\u00f1os se ha profundizado la grieta\u00bb, explica el sampedrino, que asegura que la [&hellip;]<\/p>\n","protected":false},"author":4,"featured_media":101350,"comment_status":"closed","ping_status":"closed","sticky":false,"template":"","format":"standard","meta":{"om_disable_all_campaigns":false,"_jetpack_memberships_contains_paid_content":false,"footnotes":""},"categories":[50,101,2],"tags":[],"class_list":["post-101349","post","type-post","status-publish","format-standard","has-post-thumbnail","hentry","category-destacadas","category-interes-general-locales","category-locales"],"aioseo_notices":[],"gutentor_comment":0,"jetpack_featured_media_url":"https:\/\/eldiariodesanpedro.com.ar\/sitio\/wp-content\/uploads\/2021\/11\/WhatsApp-Image-2021-11-06-at-18.23.48-1.jpeg","jetpack_shortlink":"https:\/\/wp.me\/p6RhLt-qmF","jetpack_sharing_enabled":true,"_links":{"self":[{"href":"https:\/\/eldiariodesanpedro.com.ar\/sitio\/wp-json\/wp\/v2\/posts\/101349","targetHints":{"allow":["GET"]}}],"collection":[{"href":"https:\/\/eldiariodesanpedro.com.ar\/sitio\/wp-json\/wp\/v2\/posts"}],"about":[{"href":"https:\/\/eldiariodesanpedro.com.ar\/sitio\/wp-json\/wp\/v2\/types\/post"}],"author":[{"embeddable":true,"href":"https:\/\/eldiariodesanpedro.com.ar\/sitio\/wp-json\/wp\/v2\/users\/4"}],"replies":[{"embeddable":true,"href":"https:\/\/eldiariodesanpedro.com.ar\/sitio\/wp-json\/wp\/v2\/comments?post=101349"}],"version-history":[{"count":1,"href":"https:\/\/eldiariodesanpedro.com.ar\/sitio\/wp-json\/wp\/v2\/posts\/101349\/revisions"}],"predecessor-version":[{"id":101351,"href":"https:\/\/eldiariodesanpedro.com.ar\/sitio\/wp-json\/wp\/v2\/posts\/101349\/revisions\/101351"}],"wp:featuredmedia":[{"embeddable":true,"href":"https:\/\/eldiariodesanpedro.com.ar\/sitio\/wp-json\/wp\/v2\/media\/101350"}],"wp:attachment":[{"href":"https:\/\/eldiariodesanpedro.com.ar\/sitio\/wp-json\/wp\/v2\/media?parent=101349"}],"wp:term":[{"taxonomy":"category","embeddable":true,"href":"https:\/\/eldiariodesanpedro.com.ar\/sitio\/wp-json\/wp\/v2\/categories?post=101349"},{"taxonomy":"post_tag","embeddable":true,"href":"https:\/\/eldiariodesanpedro.com.ar\/sitio\/wp-json\/wp\/v2\/tags?post=101349"}],"curies":[{"name":"wp","href":"https:\/\/api.w.org\/{rel}","templated":true}]}}