{"id":101287,"date":"2021-11-09T12:36:06","date_gmt":"2021-11-09T15:36:06","guid":{"rendered":"https:\/\/eldiariodesanpedro.com.ar\/sitio\/?p=101287"},"modified":"2021-11-09T12:36:11","modified_gmt":"2021-11-09T15:36:11","slug":"una-mujer-denuncio-que-un-hombre-loteo-y-vendio-terrenos-de-su-propiedad-sin-permiso-2","status":"publish","type":"post","link":"https:\/\/eldiariodesanpedro.com.ar\/sitio\/una-mujer-denuncio-que-un-hombre-loteo-y-vendio-terrenos-de-su-propiedad-sin-permiso-2\/","title":{"rendered":"Una mujer denunci\u00f3 que un hombre loteo y vendi\u00f3 terrenos de su propiedad sin permiso"},"content":{"rendered":"<!-- VideographyWP Plugin Message: Automatic video embedding prevented by plugin options. -->\n\n<p>Este lunes en la comisar\u00eda local una mujer denunci\u00f3 que un ciudadano se encontraba vendiendo parte de un terreno de su propiedad en la localidad de Santa Luc\u00eda.<\/p>\n\n\n\n<p>La denuncia se radic\u00f3 en el destacamento policial de Santa Luc\u00eda una mujer de 79 a\u00f1os de edad realiz\u00f3 la denuncia que un ciudadano vecino de la localidad vendi\u00f3 lotes de un terreno propiedad de la denunciante.<\/p>\n\n\n\n<p>En este caso interviene Unidad de Instrucci\u00f3n y Juicio Nro. 11 de San Pedro.<\/p>\n","protected":false},"excerpt":{"rendered":"<p>Este lunes en la comisar\u00eda local una mujer denunci\u00f3 que un ciudadano se encontraba vendiendo parte de un terreno de su propiedad en la localidad de Santa Luc\u00eda. La denuncia se radic\u00f3 en el destacamento policial de Santa Luc\u00eda una mujer de 79 a\u00f1os de edad realiz\u00f3 la denuncia que un ciudadano vecino de la [&hellip;]<\/p>\n","protected":false},"author":4,"featured_media":101285,"comment_status":"closed","ping_status":"closed","sticky":false,"template":"","format":"standard","meta":{"om_disable_all_campaigns":false,"_jetpack_memberships_contains_paid_content":false,"footnotes":""},"categories":[50,2,103],"tags":[],"class_list":["post-101287","post","type-post","status-publish","format-standard","has-post-thumbnail","hentry","category-destacadas","category-locales","category-policiales-locales"],"aioseo_notices":[],"gutentor_comment":0,"jetpack_featured_media_url":"https:\/\/eldiariodesanpedro.com.ar\/sitio\/wp-content\/uploads\/2021\/11\/multimedia.normal.94093065707400d9.6573746166612076656e7461206465206c6f7465735f6e6f726d616c2e6a706567.jpeg","jetpack_shortlink":"https:\/\/wp.me\/p6RhLt-qlF","jetpack_sharing_enabled":true,"_links":{"self":[{"href":"https:\/\/eldiariodesanpedro.com.ar\/sitio\/wp-json\/wp\/v2\/posts\/101287","targetHints":{"allow":["GET"]}}],"collection":[{"href":"https:\/\/eldiariodesanpedro.com.ar\/sitio\/wp-json\/wp\/v2\/posts"}],"about":[{"href":"https:\/\/eldiariodesanpedro.com.ar\/sitio\/wp-json\/wp\/v2\/types\/post"}],"author":[{"embeddable":true,"href":"https:\/\/eldiariodesanpedro.com.ar\/sitio\/wp-json\/wp\/v2\/users\/4"}],"replies":[{"embeddable":true,"href":"https:\/\/eldiariodesanpedro.com.ar\/sitio\/wp-json\/wp\/v2\/comments?post=101287"}],"version-history":[{"count":1,"href":"https:\/\/eldiariodesanpedro.com.ar\/sitio\/wp-json\/wp\/v2\/posts\/101287\/revisions"}],"predecessor-version":[{"id":101289,"href":"https:\/\/eldiariodesanpedro.com.ar\/sitio\/wp-json\/wp\/v2\/posts\/101287\/revisions\/101289"}],"wp:featuredmedia":[{"embeddable":true,"href":"https:\/\/eldiariodesanpedro.com.ar\/sitio\/wp-json\/wp\/v2\/media\/101285"}],"wp:attachment":[{"href":"https:\/\/eldiariodesanpedro.com.ar\/sitio\/wp-json\/wp\/v2\/media?parent=101287"}],"wp:term":[{"taxonomy":"category","embeddable":true,"href":"https:\/\/eldiariodesanpedro.com.ar\/sitio\/wp-json\/wp\/v2\/categories?post=101287"},{"taxonomy":"post_tag","embeddable":true,"href":"https:\/\/eldiariodesanpedro.com.ar\/sitio\/wp-json\/wp\/v2\/tags?post=101287"}],"curies":[{"name":"wp","href":"https:\/\/api.w.org\/{rel}","templated":true}]}}