{"id":101277,"date":"2021-11-09T12:02:51","date_gmt":"2021-11-09T15:02:51","guid":{"rendered":"https:\/\/eldiariodesanpedro.com.ar\/sitio\/?p=101277"},"modified":"2021-11-09T12:08:00","modified_gmt":"2021-11-09T15:08:00","slug":"manana-miercoles-se-habilitara-el-transito-en-la-ex-peatonal","status":"publish","type":"post","link":"https:\/\/eldiariodesanpedro.com.ar\/sitio\/manana-miercoles-se-habilitara-el-transito-en-la-ex-peatonal\/","title":{"rendered":"Ma\u00f1ana mi\u00e9rcoles se habilitar\u00e1 el tr\u00e1nsito en la ex peatonal"},"content":{"rendered":"<!-- VideographyWP Plugin Message: Automatic video embedding prevented by plugin options. -->\n\n<p>Las obras en lo que era la Peatonal c\u00e9ntrica llegan a su fin. Este mi\u00e9rcoles 10 a las 18.00, las calles entre 25 de Mayo y Mitre; Mitre y Pellegrini, quedar\u00e1n habilitadas al tr\u00e1nsito, seg\u00fan pudo confirmar. Las obras hab\u00edan sido reclamadas por comerciantes de la zona y fueron coordinadas por el secretario de Obras, Planeamiento e Infraestructura, Javier Silva.<\/p>\n\n\n\n<p>Luego de semanas de tareas, las cuadras donde funcionaba la Peatonal c\u00e9ntrica de San Pedro quedar\u00e1n habilitadas al tr\u00e1nsito. Se trata de las dos cuadras entre 25 de Mayo y Mitre; y Mitre y Pellegrini.<\/p>\n\n\n\n<p>Las calles quedar\u00e1n abiertas al tr\u00e1nsito desde las 18.00 y seg\u00fan pudo conocer\u00a0no habr\u00e1 acto del Municipio, en cumplimento con la veda electoral que rige para presentar obras de la gesti\u00f3n.\u00a0<\/p>\n\n\n\n<p>Los y las comerciantes c\u00e9ntricas han pedido en numerosas oportunidades la apertura de las calles, al considerar que estas obras beneficiar\u00edan sus ventas. Incluso trasladaron sus inquietudes al secretario de Coordinaci\u00f3n Ram\u00f3n Salazar en un encuentro realizado en el Bar Butti.<\/p>\n\n\n\n<figure class=\"wp-block-image size-large\"><img decoding=\"async\" width=\"1024\" height=\"768\" data-attachment-id=\"101279\" data-permalink=\"https:\/\/eldiariodesanpedro.com.ar\/sitio\/manana-miercoles-se-habilitara-el-transito-en-la-ex-peatonal\/whatsapp-image-2021-11-09-at-10-37-52\/\" data-orig-file=\"https:\/\/eldiariodesanpedro.com.ar\/sitio\/wp-content\/uploads\/2021\/11\/WhatsApp-Image-2021-11-09-at-10.37.52.jpeg\" data-orig-size=\"1600,1200\" data-comments-opened=\"0\" data-image-meta=\"{&quot;aperture&quot;:&quot;0&quot;,&quot;credit&quot;:&quot;&quot;,&quot;camera&quot;:&quot;&quot;,&quot;caption&quot;:&quot;&quot;,&quot;created_timestamp&quot;:&quot;0&quot;,&quot;copyright&quot;:&quot;&quot;,&quot;focal_length&quot;:&quot;0&quot;,&quot;iso&quot;:&quot;0&quot;,&quot;shutter_speed&quot;:&quot;0&quot;,&quot;title&quot;:&quot;&quot;,&quot;orientation&quot;:&quot;0&quot;}\" data-image-title=\"WhatsApp Image 2021-11-09 at 10.37.52\" data-image-description=\"\" data-image-caption=\"\" data-large-file=\"https:\/\/eldiariodesanpedro.com.ar\/sitio\/wp-content\/uploads\/2021\/11\/WhatsApp-Image-2021-11-09-at-10.37.52-1024x768.jpeg\" data-src=\"https:\/\/eldiariodesanpedro.com.ar\/sitio\/wp-content\/uploads\/2021\/11\/WhatsApp-Image-2021-11-09-at-10.37.52-1024x768.jpeg\" alt=\"\" class=\"wp-image-101279 lazyload\" data-srcset=\"https:\/\/eldiariodesanpedro.com.ar\/sitio\/wp-content\/uploads\/2021\/11\/WhatsApp-Image-2021-11-09-at-10.37.52-1024x768.jpeg 1024w, https:\/\/eldiariodesanpedro.com.ar\/sitio\/wp-content\/uploads\/2021\/11\/WhatsApp-Image-2021-11-09-at-10.37.52-300x225.jpeg 300w, https:\/\/eldiariodesanpedro.com.ar\/sitio\/wp-content\/uploads\/2021\/11\/WhatsApp-Image-2021-11-09-at-10.37.52-768x576.jpeg 768w, https:\/\/eldiariodesanpedro.com.ar\/sitio\/wp-content\/uploads\/2021\/11\/WhatsApp-Image-2021-11-09-at-10.37.52-1536x1152.jpeg 1536w, https:\/\/eldiariodesanpedro.com.ar\/sitio\/wp-content\/uploads\/2021\/11\/WhatsApp-Image-2021-11-09-at-10.37.52-500x375.jpeg 500w, https:\/\/eldiariodesanpedro.com.ar\/sitio\/wp-content\/uploads\/2021\/11\/WhatsApp-Image-2021-11-09-at-10.37.52.jpeg 1600w\" data-sizes=\"(max-width: 1024px) 100vw, 1024px\" src=\"data:image\/svg+xml;base64,PHN2ZyB3aWR0aD0iMSIgaGVpZ2h0PSIxIiB4bWxucz0iaHR0cDovL3d3dy53My5vcmcvMjAwMC9zdmciPjwvc3ZnPg==\" style=\"--smush-placeholder-width: 1024px; --smush-placeholder-aspect-ratio: 1024\/768;\" \/><\/figure>\n\n\n\n<figure class=\"wp-block-image size-large\"><img decoding=\"async\" width=\"1024\" height=\"683\" data-attachment-id=\"101280\" data-permalink=\"https:\/\/eldiariodesanpedro.com.ar\/sitio\/manana-miercoles-se-habilitara-el-transito-en-la-ex-peatonal\/249087479_4491349480959692_2601103093400718836_n\/\" data-orig-file=\"https:\/\/eldiariodesanpedro.com.ar\/sitio\/wp-content\/uploads\/2021\/11\/249087479_4491349480959692_2601103093400718836_n.jpg\" data-orig-size=\"2048,1365\" data-comments-opened=\"0\" data-image-meta=\"{&quot;aperture&quot;:&quot;0&quot;,&quot;credit&quot;:&quot;&quot;,&quot;camera&quot;:&quot;&quot;,&quot;caption&quot;:&quot;&quot;,&quot;created_timestamp&quot;:&quot;0&quot;,&quot;copyright&quot;:&quot;&quot;,&quot;focal_length&quot;:&quot;0&quot;,&quot;iso&quot;:&quot;0&quot;,&quot;shutter_speed&quot;:&quot;0&quot;,&quot;title&quot;:&quot;&quot;,&quot;orientation&quot;:&quot;0&quot;}\" data-image-title=\"249087479_4491349480959692_2601103093400718836_n\" data-image-description=\"\" data-image-caption=\"\" data-large-file=\"https:\/\/eldiariodesanpedro.com.ar\/sitio\/wp-content\/uploads\/2021\/11\/249087479_4491349480959692_2601103093400718836_n-1024x683.jpg\" data-src=\"https:\/\/eldiariodesanpedro.com.ar\/sitio\/wp-content\/uploads\/2021\/11\/249087479_4491349480959692_2601103093400718836_n-1024x683.jpg\" alt=\"\" class=\"wp-image-101280 lazyload\" data-srcset=\"https:\/\/eldiariodesanpedro.com.ar\/sitio\/wp-content\/uploads\/2021\/11\/249087479_4491349480959692_2601103093400718836_n-1024x683.jpg 1024w, https:\/\/eldiariodesanpedro.com.ar\/sitio\/wp-content\/uploads\/2021\/11\/249087479_4491349480959692_2601103093400718836_n-300x200.jpg 300w, https:\/\/eldiariodesanpedro.com.ar\/sitio\/wp-content\/uploads\/2021\/11\/249087479_4491349480959692_2601103093400718836_n-768x512.jpg 768w, https:\/\/eldiariodesanpedro.com.ar\/sitio\/wp-content\/uploads\/2021\/11\/249087479_4491349480959692_2601103093400718836_n-1536x1024.jpg 1536w, https:\/\/eldiariodesanpedro.com.ar\/sitio\/wp-content\/uploads\/2021\/11\/249087479_4491349480959692_2601103093400718836_n.jpg 2048w\" data-sizes=\"(max-width: 1024px) 100vw, 1024px\" src=\"data:image\/svg+xml;base64,PHN2ZyB3aWR0aD0iMSIgaGVpZ2h0PSIxIiB4bWxucz0iaHR0cDovL3d3dy53My5vcmcvMjAwMC9zdmciPjwvc3ZnPg==\" style=\"--smush-placeholder-width: 1024px; --smush-placeholder-aspect-ratio: 1024\/683;\" \/><\/figure>\n","protected":false},"excerpt":{"rendered":"<p>Las obras en lo que era la Peatonal c\u00e9ntrica llegan a su fin. Este mi\u00e9rcoles 10 a las 18.00, las calles entre 25 de Mayo y Mitre; Mitre y Pellegrini, quedar\u00e1n habilitadas al tr\u00e1nsito, seg\u00fan pudo confirmar. Las obras hab\u00edan sido reclamadas por comerciantes de la zona y fueron coordinadas por el secretario de Obras, [&hellip;]<\/p>\n","protected":false},"author":4,"featured_media":101278,"comment_status":"closed","ping_status":"closed","sticky":false,"template":"","format":"standard","meta":{"om_disable_all_campaigns":false,"_jetpack_memberships_contains_paid_content":false,"footnotes":""},"categories":[50,101,2],"tags":[],"class_list":["post-101277","post","type-post","status-publish","format-standard","has-post-thumbnail","hentry","category-destacadas","category-interes-general-locales","category-locales"],"aioseo_notices":[],"gutentor_comment":0,"jetpack_featured_media_url":"https:\/\/eldiariodesanpedro.com.ar\/sitio\/wp-content\/uploads\/2021\/11\/WhatsApp-Image-2021-11-09-at-10.37.40.jpeg","jetpack_shortlink":"https:\/\/wp.me\/p6RhLt-qlv","jetpack_sharing_enabled":true,"_links":{"self":[{"href":"https:\/\/eldiariodesanpedro.com.ar\/sitio\/wp-json\/wp\/v2\/posts\/101277","targetHints":{"allow":["GET"]}}],"collection":[{"href":"https:\/\/eldiariodesanpedro.com.ar\/sitio\/wp-json\/wp\/v2\/posts"}],"about":[{"href":"https:\/\/eldiariodesanpedro.com.ar\/sitio\/wp-json\/wp\/v2\/types\/post"}],"author":[{"embeddable":true,"href":"https:\/\/eldiariodesanpedro.com.ar\/sitio\/wp-json\/wp\/v2\/users\/4"}],"replies":[{"embeddable":true,"href":"https:\/\/eldiariodesanpedro.com.ar\/sitio\/wp-json\/wp\/v2\/comments?post=101277"}],"version-history":[{"count":2,"href":"https:\/\/eldiariodesanpedro.com.ar\/sitio\/wp-json\/wp\/v2\/posts\/101277\/revisions"}],"predecessor-version":[{"id":101283,"href":"https:\/\/eldiariodesanpedro.com.ar\/sitio\/wp-json\/wp\/v2\/posts\/101277\/revisions\/101283"}],"wp:featuredmedia":[{"embeddable":true,"href":"https:\/\/eldiariodesanpedro.com.ar\/sitio\/wp-json\/wp\/v2\/media\/101278"}],"wp:attachment":[{"href":"https:\/\/eldiariodesanpedro.com.ar\/sitio\/wp-json\/wp\/v2\/media?parent=101277"}],"wp:term":[{"taxonomy":"category","embeddable":true,"href":"https:\/\/eldiariodesanpedro.com.ar\/sitio\/wp-json\/wp\/v2\/categories?post=101277"},{"taxonomy":"post_tag","embeddable":true,"href":"https:\/\/eldiariodesanpedro.com.ar\/sitio\/wp-json\/wp\/v2\/tags?post=101277"}],"curies":[{"name":"wp","href":"https:\/\/api.w.org\/{rel}","templated":true}]}}