{"id":101265,"date":"2021-11-09T11:37:52","date_gmt":"2021-11-09T14:37:52","guid":{"rendered":"https:\/\/eldiariodesanpedro.com.ar\/sitio\/?p=101265"},"modified":"2021-11-09T11:37:55","modified_gmt":"2021-11-09T14:37:55","slug":"taller-genero-y-diversidad-para-el-personal-de-los-caps","status":"publish","type":"post","link":"https:\/\/eldiariodesanpedro.com.ar\/sitio\/taller-genero-y-diversidad-para-el-personal-de-los-caps\/","title":{"rendered":"Taller G\u00e9nero y Diversidad para el Personal de los CAPS"},"content":{"rendered":"<!-- VideographyWP Plugin Message: Automatic video embedding prevented by plugin options. -->\n\n<p>La Direcci\u00f3n de Atenci\u00f3n Primaria de la Salud, junto a la Subsecretar\u00eda de Pol\u00edticas de G\u00e9nero, Mujeres y Diversidad y la Mesa Local de Prevenci\u00f3n y Atenci\u00f3n de Violencia de G\u00e9nero y Familiar, concretar\u00e1n un Taller de G\u00e9nero y Diversidad para el personal de los CAPS, en el marco de la Ley Micaela 27.499 este viernes 12 de noviembre a partir de las 12.00 hs.<\/p>\n\n\n\n<p>La actividad surge como el resultado del trabajo en conjunto de las \u00e1reas en el marco de las reuniones mensuales de la Mesa, y la necesidad de avanzar en la implementaci\u00f3n de la Ley sancionada en 2019, y que establece la capacitaci\u00f3n obligatoria en g\u00e9nero y violencia de g\u00e9nero para todas las personas que se desempe\u00f1an en la funci\u00f3n p\u00fablica, en los poderes Ejecutivo, Legislativo y Judicial de la Naci\u00f3n.<\/p>\n\n\n\n<p>Durante la jornada se abordar\u00e1n como ejes tem\u00e1ticos la Ley de protecci\u00f3n integral para prevenir, sancionar y erradicar la violencia contra las mujeres (Ley 26.485\/09); la Ley de Identidad de G\u00e9nero (Ley 26.743\/12); y la ley de Interrupci\u00f3n Legal del Embarazo y su aplicaci\u00f3n en San Pedro (Ley 27610\/20).<\/p>\n\n\n\n<p>Para el abordaje de estos ejes, la capacitaci\u00f3n contar\u00e1 con las exposiciones de la titular del Centro de Acceso a la Justicia, Dra. Guadalupe Fraga; la titular de la Comisar\u00eda de la Mujer y la Familia, Valeria Sosa; el ginec\u00f3logo y titular del equipo IVE San Pedro, Dr. Rodolfo Gigena. La actividad ser\u00e1 coordinada por la periodista y militante feminista, Nadia Quiroga.<\/p>\n\n\n\n<p>Adjuntamos la invitaci\u00f3n y los esperamos el viernes 12 a las 12.00 hs. en el Sal\u00f3n Dorado de la Municipalidad de San Pedro.<\/p>\n","protected":false},"excerpt":{"rendered":"<p>La Direcci\u00f3n de Atenci\u00f3n Primaria de la Salud, junto a la Subsecretar\u00eda de Pol\u00edticas de G\u00e9nero, Mujeres y Diversidad y la Mesa Local de Prevenci\u00f3n y Atenci\u00f3n de Violencia de G\u00e9nero y Familiar, concretar\u00e1n un Taller de G\u00e9nero y Diversidad para el personal de los CAPS, en el marco de la Ley Micaela 27.499 este [&hellip;]<\/p>\n","protected":false},"author":4,"featured_media":101266,"comment_status":"closed","ping_status":"closed","sticky":false,"template":"","format":"standard","meta":{"om_disable_all_campaigns":false,"_jetpack_memberships_contains_paid_content":false,"footnotes":""},"categories":[101,2],"tags":[],"class_list":["post-101265","post","type-post","status-publish","format-standard","has-post-thumbnail","hentry","category-interes-general-locales","category-locales"],"aioseo_notices":[],"gutentor_comment":0,"jetpack_featured_media_url":"https:\/\/eldiariodesanpedro.com.ar\/sitio\/wp-content\/uploads\/2021\/11\/WhatsApp-Image-2021-11-09-at-09.59.36.jpeg","jetpack_shortlink":"https:\/\/wp.me\/p6RhLt-qlj","jetpack_sharing_enabled":true,"_links":{"self":[{"href":"https:\/\/eldiariodesanpedro.com.ar\/sitio\/wp-json\/wp\/v2\/posts\/101265","targetHints":{"allow":["GET"]}}],"collection":[{"href":"https:\/\/eldiariodesanpedro.com.ar\/sitio\/wp-json\/wp\/v2\/posts"}],"about":[{"href":"https:\/\/eldiariodesanpedro.com.ar\/sitio\/wp-json\/wp\/v2\/types\/post"}],"author":[{"embeddable":true,"href":"https:\/\/eldiariodesanpedro.com.ar\/sitio\/wp-json\/wp\/v2\/users\/4"}],"replies":[{"embeddable":true,"href":"https:\/\/eldiariodesanpedro.com.ar\/sitio\/wp-json\/wp\/v2\/comments?post=101265"}],"version-history":[{"count":1,"href":"https:\/\/eldiariodesanpedro.com.ar\/sitio\/wp-json\/wp\/v2\/posts\/101265\/revisions"}],"predecessor-version":[{"id":101267,"href":"https:\/\/eldiariodesanpedro.com.ar\/sitio\/wp-json\/wp\/v2\/posts\/101265\/revisions\/101267"}],"wp:featuredmedia":[{"embeddable":true,"href":"https:\/\/eldiariodesanpedro.com.ar\/sitio\/wp-json\/wp\/v2\/media\/101266"}],"wp:attachment":[{"href":"https:\/\/eldiariodesanpedro.com.ar\/sitio\/wp-json\/wp\/v2\/media?parent=101265"}],"wp:term":[{"taxonomy":"category","embeddable":true,"href":"https:\/\/eldiariodesanpedro.com.ar\/sitio\/wp-json\/wp\/v2\/categories?post=101265"},{"taxonomy":"post_tag","embeddable":true,"href":"https:\/\/eldiariodesanpedro.com.ar\/sitio\/wp-json\/wp\/v2\/tags?post=101265"}],"curies":[{"name":"wp","href":"https:\/\/api.w.org\/{rel}","templated":true}]}}